{"id":913,"date":"2025-08-18T10:04:30","date_gmt":"2025-08-18T08:04:30","guid":{"rendered":"https:\/\/baluefruits.com\/?p=913"},"modified":"2025-09-16T10:16:48","modified_gmt":"2025-09-16T08:16:48","slug":"oli-doliva-arbequina-a-lengros-lor-verd-de-lleida-al-teu-abast","status":"publish","type":"post","link":"https:\/\/baluefruits.com\/it\/oli-doliva-arbequina-a-lengros-lor-verd-de-lleida-al-teu-abast\/","title":{"rendered":"Olio d&#039;oliva Arbequina all&#039;ingrosso: l&#039;oro verde di Lleida a portata di mano"},"content":{"rendered":"<h2 class=\"wp-block-heading\"><strong>Scopri un prodotto puro, senza raffinamenti o miscele<\/strong><\/h2>\n\n\n\n<p>L&#039;olio d&#039;oliva \u00e8 considerato uno dei tesori della dieta mediterranea. Nella provincia di Lleida, questo prodotto \u00e8 diventato simbolo di tradizione, salute e qualit\u00e0. Quando parliamo di<strong><a href=\"https:\/\/baluefruits.com\/it\/oli-oliva-a-lengros\/\">olio d&#039;oliva all&#039;ingrosso<\/a><\/strong>, stiamo parlando di un&#039;opzione che interessa sia i ristoratori che i distributori, cos\u00ec come chiunque apprezzi un prodotto autentico. Il fatto \u00e8 che, oltre ad essere un semplice ingrediente, l&#039;olio \u00e8 cultura e patrimonio.<\/p>\n\n\n\n<figure class=\"wp-block-image size-large\"><img fetchpriority=\"high\" decoding=\"async\" width=\"1024\" height=\"640\" src=\"https:\/\/baluefruits.com\/wp-content\/uploads\/2025\/09\/oli-doliva-a-lengros-3-1024x640.jpg\" alt=\"oliva arbequina\" class=\"wp-image-914\" srcset=\"https:\/\/baluefruits.com\/wp-content\/uploads\/2025\/09\/oli-doliva-a-lengros-3-1024x640.jpg 1024w, https:\/\/baluefruits.com\/wp-content\/uploads\/2025\/09\/oli-doliva-a-lengros-3-300x188.jpg 300w, https:\/\/baluefruits.com\/wp-content\/uploads\/2025\/09\/oli-doliva-a-lengros-3-768x480.jpg 768w, https:\/\/baluefruits.com\/wp-content\/uploads\/2025\/09\/oli-doliva-a-lengros-3-18x12.jpg 18w, https:\/\/baluefruits.com\/wp-content\/uploads\/2025\/09\/oli-doliva-a-lengros-3.jpg 1200w\" sizes=\"(max-width: 1024px) 100vw, 1024px\" \/><\/figure>\n\n\n\n<h3 class=\"wp-block-heading\"><strong>La variet\u00e0 Arbequina: essenza di Lleida<\/strong><\/h3>\n\n\n\n<p>L&#039;oliva Arbequina \u00e8 la protagonista principale dei campi di Lleida. Di piccole dimensioni ma ricca di aromi, produce un olio caratterizzato da:<\/p>\n\n\n\n<ul class=\"wp-block-list\">\n<li>Aromi fruttati con note di mela, mandorla ed erba fresca.<br><\/li>\n\n\n\n<li>Gusto morbido ed equilibrato, con una nota amara e piccante molto gradevole.<br><\/li>\n\n\n\n<li>Elevata stabilit\u00e0, che consente di preservarne le propriet\u00e0 pi\u00f9 a lungo.<br><\/li>\n<\/ul>\n\n\n\n<p>Questo profilo organolettico ha reso l&#039;olio Arbequina uno dei pi\u00f9 apprezzati al mondo.<\/p>\n\n\n\n<h2 class=\"wp-block-heading\"><strong>Vantaggi dell&#039;acquisto all&#039;ingrosso di olio d&#039;oliva<\/strong><\/h2>\n\n\n\n<p>Optare per il petrolio su larga scala presenta diversi vantaggi:<\/p>\n\n\n\n<ol class=\"wp-block-list\">\n<li>Efficienza economica: consente di ridurre i costi e di offrire prezzi pi\u00f9 competitivi.<br><\/li>\n\n\n\n<li>Qualit\u00e0 omogenea: garantisce che l&#039;intero lotto mantenga le stesse caratteristiche sensoriali.<br><\/li>\n\n\n\n<li>Sicurezza e tracciabilit\u00e0: ogni articolo indica origine, campagna e processo produttivo.<\/li>\n<\/ol>\n\n\n\n<p>Questi fattori sono particolarmente rilevanti in settori quali la ristorazione, il catering o la distribuzione.<\/p>\n\n\n\n<figure class=\"wp-block-image size-large\"><img decoding=\"async\" width=\"1024\" height=\"640\" src=\"https:\/\/baluefruits.com\/wp-content\/uploads\/2025\/09\/oli-doliva-a-lengros--1024x640.jpg\" alt=\"oliva arbequina\" class=\"wp-image-917\" srcset=\"https:\/\/baluefruits.com\/wp-content\/uploads\/2025\/09\/oli-doliva-a-lengros--1024x640.jpg 1024w, https:\/\/baluefruits.com\/wp-content\/uploads\/2025\/09\/oli-doliva-a-lengros--300x188.jpg 300w, https:\/\/baluefruits.com\/wp-content\/uploads\/2025\/09\/oli-doliva-a-lengros--768x480.jpg 768w, https:\/\/baluefruits.com\/wp-content\/uploads\/2025\/09\/oli-doliva-a-lengros--18x12.jpg 18w, https:\/\/baluefruits.com\/wp-content\/uploads\/2025\/09\/oli-doliva-a-lengros-.jpg 1200w\" sizes=\"(max-width: 1024px) 100vw, 1024px\" \/><\/figure>\n\n\n\n<h3 class=\"wp-block-heading\"><strong>Come fare un olio di qualit\u00e0<\/strong><\/h3>\n\n\n\n<p>Da Balu\u00e9 Fruits puoi trovare <strong><a href=\"https:\/\/baluefruits.com\/it\/oli-doliva\/\">olio d&#039;oliva all&#039;ingrosso<\/a><\/strong>, che si ottiene attraverso processi che mirano a preservare tutte le propriet\u00e0 naturali del frutto:<\/p>\n\n\n\n<ul class=\"wp-block-list\">\n<li>Raccogliere nel momento ottimale di maturazione.<br><\/li>\n\n\n\n<li>Estrazione a freddo, che evita di riscaldare la pasta e preserva gli antiossidanti naturali.<br><\/li>\n\n\n\n<li>Filtraggio e conservazione in condizioni ideali per evitare l&#039;ossidazione e mantenere la freschezza.<br><\/li>\n<\/ul>\n\n\n\n<p>Il risultato \u00e8 un prodotto puro, senza raffinatezze o miscele, che porta in tavola tutta l&#039;essenza del territorio.<\/p>\n\n\n\n<h2 class=\"wp-block-heading\"><strong>Formati e applicazioni<\/strong><\/h2>\n\n\n\n<p>L<strong>olio d&#039;oliva all&#039;ingrosso<\/strong> Non si limita ai fusti di grandi dimensioni. I produttori offrono vari formati a seconda della domanda:<\/p>\n\n\n\n<ul class=\"wp-block-list\">\n<li>Contenitori da 1, 3 o 5 litri per il consumo domestico o per piccoli negozi.<br><\/li>\n\n\n\n<li>Sfuso in contenitori pi\u00f9 grandi per attivit\u00e0 di catering o ristorazione.<br><\/li>\n\n\n\n<li>Confezioni speciali per aziende o regali gourmet.<br><\/li>\n<\/ul>\n\n\n\n<p>Questa versatilit\u00e0 lo rende un prodotto adattabile a diversi utilizzi e contesti.<\/p>\n\n\n\n<h3 class=\"wp-block-heading\"><strong>Benefici per la salute dell&#039;olio d&#039;oliva<\/strong><\/h3>\n\n\n\n<p>I benefici per la salute sono ampiamente dimostrati:<\/p>\n\n\n\n<ul class=\"wp-block-list\">\n<li>Ricco di acidi grassi monoinsaturi, che aiutano a ridurre il colesterolo cattivo.<br><\/li>\n\n\n\n<li>Contiene antiossidanti naturali (polifenoli) con effetto protettivo contro l&#039;invecchiamento cellulare.<br><\/li>\n\n\n\n<li>Favorisce una digestione pi\u00f9 fluida e contribuisce alla prevenzione delle malattie cardiovascolari.<\/li>\n<\/ul>\n\n\n\n<p>Ecco perch\u00e9 \u00e8 un elemento centrale della dieta mediterranea e un prodotto indispensabile in ogni cucina.<\/p>\n\n\n\n<figure class=\"wp-block-image size-large\"><img decoding=\"async\" width=\"1024\" height=\"640\" src=\"https:\/\/baluefruits.com\/wp-content\/uploads\/2025\/09\/oli-doliva-a-lengros-2-1024x640.jpg\" alt=\"oliva arbequina\" class=\"wp-image-915\" srcset=\"https:\/\/baluefruits.com\/wp-content\/uploads\/2025\/09\/oli-doliva-a-lengros-2-1024x640.jpg 1024w, https:\/\/baluefruits.com\/wp-content\/uploads\/2025\/09\/oli-doliva-a-lengros-2-300x188.jpg 300w, https:\/\/baluefruits.com\/wp-content\/uploads\/2025\/09\/oli-doliva-a-lengros-2-768x480.jpg 768w, https:\/\/baluefruits.com\/wp-content\/uploads\/2025\/09\/oli-doliva-a-lengros-2-18x12.jpg 18w, https:\/\/baluefruits.com\/wp-content\/uploads\/2025\/09\/oli-doliva-a-lengros-2.jpg 1200w\" sizes=\"(max-width: 1024px) 100vw, 1024px\" \/><\/figure>\n\n\n\n<p>IL<strong><a href=\"https:\/\/baluefruits.com\/it\/oli-oliva-lleida\/\">olio d&#039;oliva all&#039;ingrosso<\/a> <\/strong>di Lleida unisce tradizione, salute e sostenibilit\u00e0. \u00c8 un prodotto con secoli di storia e un futuro promettente grazie alla sua qualit\u00e0 riconosciuta a livello internazionale. In ogni goccia ritroviamo l&#039;impegno della terra e delle persone che l&#039;hanno coltivata. Che si tratti di ristorazione, distribuzione o consumo quotidiano, scommettere su quest&#039;olio significa scommettere sull&#039;autenticit\u00e0 e sull&#039;eccellenza.<\/p>\n\n\n\n<p><\/p>","protected":false},"excerpt":{"rendered":"<p>Descobreix un producte pur, sense refinats ni mescles L\u2019oli d\u2019oliva \u00e9s considerat un dels tresors de la dieta mediterr\u00e0nia. A la prov\u00edncia de Lleida, aquest producte s\u2019ha convertit en s\u00edmbol de tradici\u00f3, salut i qualitat. Quan parlem d\u2019oli d\u2019oliva a l\u2019engr\u00f2s, parlem d\u2019una opci\u00f3 que interessa tant a restauradors i distribu\u00efdors com a qualsevol que [&hellip;]<\/p>","protected":false},"author":1,"featured_media":916,"comment_status":"closed","ping_status":"closed","sticky":false,"template":"","format":"standard","meta":{"footnotes":""},"categories":[1],"tags":[],"class_list":["post-913","post","type-post","status-publish","format-standard","has-post-thumbnail","hentry","category-blog"],"yoast_head":"<!-- This site is optimized with the Yoast SEO plugin v26.3 - https:\/\/yoast.com\/wordpress\/plugins\/seo\/ -->\n<title>Oli d\u2019oliva arbequina a l\u2019engr\u00f2s \u2013 L\u2019or verd de Lleida al teu abast - Balue Fruits<\/title>\n<meta name=\"description\" content=\"si busques oli d\u2019oliva a l\u2019engr\u00f2s amb l&#039;aut\u00e8ntic sabor de l&#039;oliva arbequina has arribat al lloc adequat. T&#039;esperem a Balu\u00e9 Fruits.\" \/>\n<meta name=\"robots\" content=\"index, follow, max-snippet:-1, max-image-preview:large, max-video-preview:-1\" \/>\n<link rel=\"canonical\" href=\"https:\/\/baluefruits.com\/it\/oli-doliva-arbequina-a-lengros-lor-verd-de-lleida-al-teu-abast\/\" \/>\n<meta property=\"og:locale\" content=\"it_IT\" \/>\n<meta property=\"og:type\" content=\"article\" \/>\n<meta property=\"og:title\" content=\"Oli d\u2019oliva arbequina a l\u2019engr\u00f2s \u2013 L\u2019or verd de Lleida al teu abast - Balue Fruits\" \/>\n<meta property=\"og:description\" content=\"si busques oli d\u2019oliva a l\u2019engr\u00f2s amb l&#039;aut\u00e8ntic sabor de l&#039;oliva arbequina has arribat al lloc adequat. T&#039;esperem a Balu\u00e9 Fruits.\" \/>\n<meta property=\"og:url\" content=\"https:\/\/baluefruits.com\/it\/oli-doliva-arbequina-a-lengros-lor-verd-de-lleida-al-teu-abast\/\" \/>\n<meta property=\"og:site_name\" content=\"Balue Fruits\" \/>\n<meta property=\"article:published_time\" content=\"2025-08-18T08:04:30+00:00\" \/>\n<meta property=\"article:modified_time\" content=\"2025-09-16T08:16:48+00:00\" \/>\n<meta property=\"og:image\" content=\"https:\/\/baluefruits.com\/wp-content\/uploads\/2025\/09\/oli-doliva-a-lengros-1.jpg\" \/>\n\t<meta property=\"og:image:width\" content=\"1200\" \/>\n\t<meta property=\"og:image:height\" content=\"750\" \/>\n\t<meta property=\"og:image:type\" content=\"image\/jpeg\" \/>\n<meta name=\"author\" content=\"panterwebs@gmail.com\" \/>\n<meta name=\"twitter:card\" content=\"summary_large_image\" \/>\n<meta name=\"twitter:label1\" content=\"Scritto da\" \/>\n\t<meta name=\"twitter:data1\" content=\"panterwebs@gmail.com\" \/>\n\t<meta name=\"twitter:label2\" content=\"Tempo di lettura stimato\" \/>\n\t<meta name=\"twitter:data2\" content=\"4 minuti\" \/>\n<script type=\"application\/ld+json\" class=\"yoast-schema-graph\">{\"@context\":\"https:\/\/schema.org\",\"@graph\":[{\"@type\":\"WebPage\",\"@id\":\"https:\/\/baluefruits.com\/oli-doliva-arbequina-a-lengros-lor-verd-de-lleida-al-teu-abast\/\",\"url\":\"https:\/\/baluefruits.com\/oli-doliva-arbequina-a-lengros-lor-verd-de-lleida-al-teu-abast\/\",\"name\":\"Oli d\u2019oliva arbequina a l\u2019engr\u00f2s \u2013 L\u2019or verd de Lleida al teu abast - Balue Fruits\",\"isPartOf\":{\"@id\":\"https:\/\/baluefruits.com\/#website\"},\"primaryImageOfPage\":{\"@id\":\"https:\/\/baluefruits.com\/oli-doliva-arbequina-a-lengros-lor-verd-de-lleida-al-teu-abast\/#primaryimage\"},\"image\":{\"@id\":\"https:\/\/baluefruits.com\/oli-doliva-arbequina-a-lengros-lor-verd-de-lleida-al-teu-abast\/#primaryimage\"},\"thumbnailUrl\":\"https:\/\/baluefruits.com\/wp-content\/uploads\/2025\/09\/oli-doliva-a-lengros-1.jpg\",\"datePublished\":\"2025-08-18T08:04:30+00:00\",\"dateModified\":\"2025-09-16T08:16:48+00:00\",\"author\":{\"@id\":\"https:\/\/baluefruits.com\/#\/schema\/person\/eed3cb366c55cee998358d491cec205e\"},\"description\":\"si busques oli d\u2019oliva a l\u2019engr\u00f2s amb l'aut\u00e8ntic sabor de l'oliva arbequina has arribat al lloc adequat. T'esperem a Balu\u00e9 Fruits.\",\"breadcrumb\":{\"@id\":\"https:\/\/baluefruits.com\/oli-doliva-arbequina-a-lengros-lor-verd-de-lleida-al-teu-abast\/#breadcrumb\"},\"inLanguage\":\"it-IT\",\"potentialAction\":[{\"@type\":\"ReadAction\",\"target\":[\"https:\/\/baluefruits.com\/oli-doliva-arbequina-a-lengros-lor-verd-de-lleida-al-teu-abast\/\"]}]},{\"@type\":\"ImageObject\",\"inLanguage\":\"it-IT\",\"@id\":\"https:\/\/baluefruits.com\/oli-doliva-arbequina-a-lengros-lor-verd-de-lleida-al-teu-abast\/#primaryimage\",\"url\":\"https:\/\/baluefruits.com\/wp-content\/uploads\/2025\/09\/oli-doliva-a-lengros-1.jpg\",\"contentUrl\":\"https:\/\/baluefruits.com\/wp-content\/uploads\/2025\/09\/oli-doliva-a-lengros-1.jpg\",\"width\":1200,\"height\":750,\"caption\":\"oliva arbequina\"},{\"@type\":\"BreadcrumbList\",\"@id\":\"https:\/\/baluefruits.com\/oli-doliva-arbequina-a-lengros-lor-verd-de-lleida-al-teu-abast\/#breadcrumb\",\"itemListElement\":[{\"@type\":\"ListItem\",\"position\":1,\"name\":\"Portada\",\"item\":\"https:\/\/baluefruits.com\/\"},{\"@type\":\"ListItem\",\"position\":2,\"name\":\"Oli d\u2019oliva arbequina a l\u2019engr\u00f2s \u2013 L\u2019or verd de Lleida al teu abast\"}]},{\"@type\":\"WebSite\",\"@id\":\"https:\/\/baluefruits.com\/#website\",\"url\":\"https:\/\/baluefruits.com\/\",\"name\":\"Balue Fruits\",\"description\":\"Productes agr\u00edcoles de qualitat a Lleida\",\"potentialAction\":[{\"@type\":\"SearchAction\",\"target\":{\"@type\":\"EntryPoint\",\"urlTemplate\":\"https:\/\/baluefruits.com\/?s={search_term_string}\"},\"query-input\":{\"@type\":\"PropertyValueSpecification\",\"valueRequired\":true,\"valueName\":\"search_term_string\"}}],\"inLanguage\":\"it-IT\"},{\"@type\":\"Person\",\"@id\":\"https:\/\/baluefruits.com\/#\/schema\/person\/eed3cb366c55cee998358d491cec205e\",\"name\":\"panterwebs@gmail.com\",\"sameAs\":[\"https:\/\/baluefruits.com\"],\"url\":\"https:\/\/baluefruits.com\/it\/author\/panterwebsgmail-com\/\"}]}<\/script>\n<!-- \/ Yoast SEO plugin. -->","yoast_head_json":{"title":"Oli d\u2019oliva arbequina a l\u2019engr\u00f2s \u2013 L\u2019or verd de Lleida al teu abast - Balue Fruits","description":"si busques oli d\u2019oliva a l\u2019engr\u00f2s amb l'aut\u00e8ntic sabor de l'oliva arbequina has arribat al lloc adequat. T'esperem a Balu\u00e9 Fruits.","robots":{"index":"index","follow":"follow","max-snippet":"max-snippet:-1","max-image-preview":"max-image-preview:large","max-video-preview":"max-video-preview:-1"},"canonical":"https:\/\/baluefruits.com\/it\/oli-doliva-arbequina-a-lengros-lor-verd-de-lleida-al-teu-abast\/","og_locale":"it_IT","og_type":"article","og_title":"Oli d\u2019oliva arbequina a l\u2019engr\u00f2s \u2013 L\u2019or verd de Lleida al teu abast - Balue Fruits","og_description":"si busques oli d\u2019oliva a l\u2019engr\u00f2s amb l'aut\u00e8ntic sabor de l'oliva arbequina has arribat al lloc adequat. T'esperem a Balu\u00e9 Fruits.","og_url":"https:\/\/baluefruits.com\/it\/oli-doliva-arbequina-a-lengros-lor-verd-de-lleida-al-teu-abast\/","og_site_name":"Balue Fruits","article_published_time":"2025-08-18T08:04:30+00:00","article_modified_time":"2025-09-16T08:16:48+00:00","og_image":[{"width":1200,"height":750,"url":"https:\/\/baluefruits.com\/wp-content\/uploads\/2025\/09\/oli-doliva-a-lengros-1.jpg","type":"image\/jpeg"}],"author":"panterwebs@gmail.com","twitter_card":"summary_large_image","twitter_misc":{"Scritto da":"panterwebs@gmail.com","Tempo di lettura stimato":"4 minuti"},"schema":{"@context":"https:\/\/schema.org","@graph":[{"@type":"WebPage","@id":"https:\/\/baluefruits.com\/oli-doliva-arbequina-a-lengros-lor-verd-de-lleida-al-teu-abast\/","url":"https:\/\/baluefruits.com\/oli-doliva-arbequina-a-lengros-lor-verd-de-lleida-al-teu-abast\/","name":"Oli d\u2019oliva arbequina a l\u2019engr\u00f2s \u2013 L\u2019or verd de Lleida al teu abast - Balue Fruits","isPartOf":{"@id":"https:\/\/baluefruits.com\/#website"},"primaryImageOfPage":{"@id":"https:\/\/baluefruits.com\/oli-doliva-arbequina-a-lengros-lor-verd-de-lleida-al-teu-abast\/#primaryimage"},"image":{"@id":"https:\/\/baluefruits.com\/oli-doliva-arbequina-a-lengros-lor-verd-de-lleida-al-teu-abast\/#primaryimage"},"thumbnailUrl":"https:\/\/baluefruits.com\/wp-content\/uploads\/2025\/09\/oli-doliva-a-lengros-1.jpg","datePublished":"2025-08-18T08:04:30+00:00","dateModified":"2025-09-16T08:16:48+00:00","author":{"@id":"https:\/\/baluefruits.com\/#\/schema\/person\/eed3cb366c55cee998358d491cec205e"},"description":"si busques oli d\u2019oliva a l\u2019engr\u00f2s amb l'aut\u00e8ntic sabor de l'oliva arbequina has arribat al lloc adequat. T'esperem a Balu\u00e9 Fruits.","breadcrumb":{"@id":"https:\/\/baluefruits.com\/oli-doliva-arbequina-a-lengros-lor-verd-de-lleida-al-teu-abast\/#breadcrumb"},"inLanguage":"it-IT","potentialAction":[{"@type":"ReadAction","target":["https:\/\/baluefruits.com\/oli-doliva-arbequina-a-lengros-lor-verd-de-lleida-al-teu-abast\/"]}]},{"@type":"ImageObject","inLanguage":"it-IT","@id":"https:\/\/baluefruits.com\/oli-doliva-arbequina-a-lengros-lor-verd-de-lleida-al-teu-abast\/#primaryimage","url":"https:\/\/baluefruits.com\/wp-content\/uploads\/2025\/09\/oli-doliva-a-lengros-1.jpg","contentUrl":"https:\/\/baluefruits.com\/wp-content\/uploads\/2025\/09\/oli-doliva-a-lengros-1.jpg","width":1200,"height":750,"caption":"oliva arbequina"},{"@type":"BreadcrumbList","@id":"https:\/\/baluefruits.com\/oli-doliva-arbequina-a-lengros-lor-verd-de-lleida-al-teu-abast\/#breadcrumb","itemListElement":[{"@type":"ListItem","position":1,"name":"Portada","item":"https:\/\/baluefruits.com\/"},{"@type":"ListItem","position":2,"name":"Oli d\u2019oliva arbequina a l\u2019engr\u00f2s \u2013 L\u2019or verd de Lleida al teu abast"}]},{"@type":"WebSite","@id":"https:\/\/baluefruits.com\/#website","url":"https:\/\/baluefruits.com\/","name":"Frutti di Balue","description":"Prodotti agricoli di qualit\u00e0 a Lleida","potentialAction":[{"@type":"SearchAction","target":{"@type":"EntryPoint","urlTemplate":"https:\/\/baluefruits.com\/?s={search_term_string}"},"query-input":{"@type":"PropertyValueSpecification","valueRequired":true,"valueName":"search_term_string"}}],"inLanguage":"it-IT"},{"@type":"Person","@id":"https:\/\/baluefruits.com\/#\/schema\/person\/eed3cb366c55cee998358d491cec205e","name":"panterwebs@gmail.com","sameAs":["https:\/\/baluefruits.com"],"url":"https:\/\/baluefruits.com\/it\/author\/panterwebsgmail-com\/"}]}},"_links":{"self":[{"href":"https:\/\/baluefruits.com\/it\/wp-json\/wp\/v2\/posts\/913","targetHints":{"allow":["GET"]}}],"collection":[{"href":"https:\/\/baluefruits.com\/it\/wp-json\/wp\/v2\/posts"}],"about":[{"href":"https:\/\/baluefruits.com\/it\/wp-json\/wp\/v2\/types\/post"}],"author":[{"embeddable":true,"href":"https:\/\/baluefruits.com\/it\/wp-json\/wp\/v2\/users\/1"}],"replies":[{"embeddable":true,"href":"https:\/\/baluefruits.com\/it\/wp-json\/wp\/v2\/comments?post=913"}],"version-history":[{"count":1,"href":"https:\/\/baluefruits.com\/it\/wp-json\/wp\/v2\/posts\/913\/revisions"}],"predecessor-version":[{"id":918,"href":"https:\/\/baluefruits.com\/it\/wp-json\/wp\/v2\/posts\/913\/revisions\/918"}],"wp:featuredmedia":[{"embeddable":true,"href":"https:\/\/baluefruits.com\/it\/wp-json\/wp\/v2\/media\/916"}],"wp:attachment":[{"href":"https:\/\/baluefruits.com\/it\/wp-json\/wp\/v2\/media?parent=913"}],"wp:term":[{"taxonomy":"category","embeddable":true,"href":"https:\/\/baluefruits.com\/it\/wp-json\/wp\/v2\/categories?post=913"},{"taxonomy":"post_tag","embeddable":true,"href":"https:\/\/baluefruits.com\/it\/wp-json\/wp\/v2\/tags?post=913"}],"curies":[{"name":"parola chiave","href":"https:\/\/api.w.org\/{rel}","templated":true}]}}