{"id":907,"date":"2025-08-04T09:48:03","date_gmt":"2025-08-04T07:48:03","guid":{"rendered":"https:\/\/baluefruits.com\/?p=907"},"modified":"2025-09-16T10:03:01","modified_gmt":"2025-09-16T08:03:01","slug":"assaboreix-lautentic-gust-de-la-terra-amb-la-fruita-de-lleida","status":"publish","type":"post","link":"https:\/\/baluefruits.com\/it\/assaboreix-lautentic-gust-de-la-terra-amb-la-fruita-de-lleida\/","title":{"rendered":"Assapora il sapore autentico della terra con la frutta di Lleida"},"content":{"rendered":"<h1 class=\"wp-block-heading\"><strong>La forza di un territorio agricolo ricco e diversificato<\/strong><\/h1>\n\n\n\n<p>Quando pensiamo a prodotti freschi e naturali, il <strong><a href=\"https:\/\/baluefruits.com\/it\/fruita-de-lleida\/\">frutta di Lleida<\/a><\/strong> \u00e8 un punto di riferimento indiscutibile. Situata nel cuore della Catalogna, questa regione si distingue per le sue terre fertili e un clima che alterna inverni freddi ed estati calde. Questo contrasto, unito all&#039;esperienza accumulata da generazioni di agricoltori, fa s\u00ec che ogni frutto che ne esce sia riconosciuto per la sua qualit\u00e0 e il suo sapore. Ma dietro questo prestigio c&#039;\u00e8 molto di pi\u00f9: una storia agricola, una cultura del lavoro costante e un modello produttivo che ha saputo adattarsi alle sfide del mercato odierno.<\/p>\n\n\n\n<figure class=\"wp-block-image size-large\"><img fetchpriority=\"high\" decoding=\"async\" width=\"1024\" height=\"640\" src=\"https:\/\/baluefruits.com\/wp-content\/uploads\/2025\/09\/fruita-de-Lleida-3-1024x640.jpg\" alt=\"presseguers lleida\" class=\"wp-image-908\" srcset=\"https:\/\/baluefruits.com\/wp-content\/uploads\/2025\/09\/fruita-de-Lleida-3-1024x640.jpg 1024w, https:\/\/baluefruits.com\/wp-content\/uploads\/2025\/09\/fruita-de-Lleida-3-300x188.jpg 300w, https:\/\/baluefruits.com\/wp-content\/uploads\/2025\/09\/fruita-de-Lleida-3-768x480.jpg 768w, https:\/\/baluefruits.com\/wp-content\/uploads\/2025\/09\/fruita-de-Lleida-3-18x12.jpg 18w, https:\/\/baluefruits.com\/wp-content\/uploads\/2025\/09\/fruita-de-Lleida-3.jpg 1200w\" sizes=\"(max-width: 1024px) 100vw, 1024px\" \/><\/figure>\n\n\n\n<p>Lleida \u00e8 conosciuta come la &quot;capitale della frutta dolce&quot;. Le comarche di Segri\u00e0, Noguera, Urgell e Pla d&#039;Urgell concentrano migliaia di ettari dedicati alla coltivazione di alberi da frutto. Le condizioni naturali sono eccezionali:<\/p>\n\n\n\n<ul class=\"wp-block-list\">\n<li>Clima continentale con influenza mediterranea: notti fresche e giornate soleggiate che favoriscono la formazione di zuccheri naturali.<br><\/li>\n\n\n\n<li>Irrigazione efficiente grazie al Canale di Urgell e ad altri sistemi idraulici storici che hanno trasformato la produttivit\u00e0 agricola.<br><\/li>\n\n\n\n<li>Variet\u00e0 adattate che rispondono alla domanda dei consumatori europei, ma che mantengono l&#039;essenza del sapore autentico.<\/li>\n<\/ul>\n\n\n\n<p>Questo insieme di fattori spiega perch\u00e9 il <strong>frutta di Lleida<\/strong> Ha una dolcezza e una consistenza cos\u00ec caratteristiche.<\/p>\n\n\n\n<h2 class=\"wp-block-heading\"><strong>Diversit\u00e0 di prodotti durante tutto l&#039;anno<\/strong><\/h2>\n\n\n\n<p>Uno dei grandi punti di forza di Lleida \u00e8 il suo ampio calendario di produzione, che garantisce un flusso costante di frutta di stagione per mercati e distributori:<\/p>\n\n\n\n<ul class=\"wp-block-list\">\n<li>Primavera ed estate: pesche, nettarine, albicocche e pesche paraguaiane.<br><\/li>\n\n\n\n<li>Fine estate e autunno: pere e mele.<br><\/li>\n\n\n\n<li>Autunno: Variet\u00e0 specifiche.<br><\/li>\n<\/ul>\n\n\n\n<p>Ogni variet\u00e0 si adatta a diversi periodi di raccolta, il che consente di mantenere una fornitura continua e di ridurre la dipendenza dalle importazioni.<\/p>\n\n\n\n<figure class=\"wp-block-image size-large\"><img decoding=\"async\" width=\"1024\" height=\"640\" src=\"https:\/\/baluefruits.com\/wp-content\/uploads\/2025\/09\/fruita-de-Lleida-1-1024x640.jpg\" alt=\"pr\u00e9ssec\" class=\"wp-image-910\" srcset=\"https:\/\/baluefruits.com\/wp-content\/uploads\/2025\/09\/fruita-de-Lleida-1-1024x640.jpg 1024w, https:\/\/baluefruits.com\/wp-content\/uploads\/2025\/09\/fruita-de-Lleida-1-300x188.jpg 300w, https:\/\/baluefruits.com\/wp-content\/uploads\/2025\/09\/fruita-de-Lleida-1-768x480.jpg 768w, https:\/\/baluefruits.com\/wp-content\/uploads\/2025\/09\/fruita-de-Lleida-1-18x12.jpg 18w, https:\/\/baluefruits.com\/wp-content\/uploads\/2025\/09\/fruita-de-Lleida-1.jpg 1200w\" sizes=\"(max-width: 1024px) 100vw, 1024px\" \/><\/figure>\n\n\n\n<h2 class=\"wp-block-heading\"><strong>Un impegno per la qualit\u00e0 e la tracciabilit\u00e0<\/strong><\/h2>\n\n\n\n<p>IL <strong><a href=\"https:\/\/baluefruits.com\/it\/productor-de-fruita-dolca\/\">frutta di Lleida<\/a><\/strong> Non si distingue solo per il suo sapore, ma anche per i requisiti richiesti ai suoi processi produttivi. Le nostre aziende agricole e del settore lavorano con rigorosi sistemi di controllo qualit\u00e0:<\/p>\n\n\n\n<ul class=\"wp-block-list\">\n<li>Controlli costanti dello stato di maturazione e delle dimensioni del frutto.<br><\/li>\n\n\n\n<li>Certificazioni che garantiscono pratiche agricole rispettose dell&#039;ambiente.<br><\/li>\n\n\n\n<li>Tracciabilit\u00e0 completa dall&#039;origine fino alla scatola finale che arriva nei supermercati o nei negozi.<br><\/li>\n<\/ul>\n\n\n\n<p>Questo impegno ci consente di competere sui mercati internazionali e di consolidare Lleida come territorio di fiducia.<\/p>\n\n\n\n<h3 class=\"wp-block-heading\"><strong>La frutta come patrimonio culturale ed economico<\/strong><\/h3>\n\n\n\n<p>La produzione di frutta non \u00e8 solo un&#039;attivit\u00e0 economica. A Lleida fa parte della sua identit\u00e0 collettiva. Fiere agricole, itinerari della fioritura primaverile e cooperative di produttori sono esempi di come questo settore plasmi la vita sociale e culturale del territorio. Inoltre, genera migliaia di posti di lavoro e stimola le esportazioni catalane verso mercati come Francia, Italia, Germania e Paesi nordici.<\/p>\n\n\n\n<figure class=\"wp-block-image size-large\"><img decoding=\"async\" width=\"1024\" height=\"640\" src=\"https:\/\/baluefruits.com\/wp-content\/uploads\/2025\/09\/fruita-de-Lleida-1024x640.jpg\" alt=\"peres\" class=\"wp-image-911\" srcset=\"https:\/\/baluefruits.com\/wp-content\/uploads\/2025\/09\/fruita-de-Lleida-1024x640.jpg 1024w, https:\/\/baluefruits.com\/wp-content\/uploads\/2025\/09\/fruita-de-Lleida-300x188.jpg 300w, https:\/\/baluefruits.com\/wp-content\/uploads\/2025\/09\/fruita-de-Lleida-768x480.jpg 768w, https:\/\/baluefruits.com\/wp-content\/uploads\/2025\/09\/fruita-de-Lleida-18x12.jpg 18w, https:\/\/baluefruits.com\/wp-content\/uploads\/2025\/09\/fruita-de-Lleida.jpg 1200w\" sizes=\"(max-width: 1024px) 100vw, 1024px\" \/><\/figure>\n\n\n\n<h3 class=\"wp-block-heading\"><strong>Innovazione e futuro del settore<\/strong><\/h3>\n\n\n\n<p>Il settore della frutta dolce sta vivendo un costante processo di innovazione:<\/p>\n\n\n\n<ul class=\"wp-block-list\">\n<li>Nuove variet\u00e0 create per offrire maggiore dolcezza, migliore conservazione e resistenza alle malattie.<br><\/li>\n\n\n\n<li>Tecnologia agricola: sensori, irrigazione intelligente e macchinari avanzati per ridurre i costi e ottimizzare le risorse.<br><\/li>\n\n\n\n<li>Sostenibilit\u00e0: sempre pi\u00f9 aziende agricole stanno adottando pratiche rispettose dell&#039;ambiente, riducendo l&#039;uso di sostanze chimiche e promuovendo la biodiversit\u00e0.<br><\/li>\n<\/ul>\n\n\n\n<p>IL <strong><a href=\"https:\/\/baluefruits.com\/it\/lencant-de-la-fruita-dolca-com-triar-i-gaudir-del-millor-de-cada-temporada\/\">frutta di Lleida<\/a><\/strong> \u00e8 molto pi\u00f9 di un prodotto fresco: \u00e8 storia, \u00e8 paesaggio ed \u00e8 innovazione. La sua fama internazionale non si spiega solo con la dolcezza di una pesca o la freschezza di una mela, ma con la combinazione di tradizione agricola, qualit\u00e0 certificata e capacit\u00e0 di adattamento ai tempi moderni. Scommettere sul<strong> frutta di Lleida<\/strong> \u00c8 riconoscere il valore di una terra che lavora giorno dopo giorno per offrire al mondo il meglio dei suoi campi.<\/p>","protected":false},"excerpt":{"rendered":"<p>La for\u00e7a d\u2019un territori agr\u00edcola ric i divers Quan pensem en productes frescos i naturals, la fruita de Lleida \u00e9s un referent inq\u00fcestionable. Situada al cor de Catalunya, aquesta regi\u00f3 destaca per les seves terres f\u00e8rtils i un clima que combina hiverns freds i estius calorosos. Aquest contrast, juntament amb l\u2019experi\u00e8ncia acumulada de generacions de [&hellip;]<\/p>","protected":false},"author":1,"featured_media":909,"comment_status":"closed","ping_status":"closed","sticky":false,"template":"","format":"standard","meta":{"footnotes":""},"categories":[1,13],"tags":[17],"class_list":["post-907","post","type-post","status-publish","format-standard","has-post-thumbnail","hentry","category-blog","category-fruita-dolca","tag-fruita-de-lleida"],"yoast_head":"<!-- This site is optimized with the Yoast SEO plugin v26.3 - https:\/\/yoast.com\/wordpress\/plugins\/seo\/ -->\n<title>Assaboreix l\u2019aut\u00e8ntic gust de la terra amb la fruita de Lleida - Balue Fruits<\/title>\n<meta name=\"description\" content=\"Descobreix el sabor \u00fanic de la fruita dol\u00e7a amb Balu\u00e9 Fruits. Som especialistas en la venda a l&#039;engr\u00f2s de fruita i oli d&#039;oliva.\" \/>\n<meta name=\"robots\" content=\"index, follow, max-snippet:-1, max-image-preview:large, max-video-preview:-1\" \/>\n<link rel=\"canonical\" href=\"https:\/\/baluefruits.com\/it\/assaboreix-lautentic-gust-de-la-terra-amb-la-fruita-de-lleida\/\" \/>\n<meta property=\"og:locale\" content=\"it_IT\" \/>\n<meta property=\"og:type\" content=\"article\" \/>\n<meta property=\"og:title\" content=\"Assaboreix l\u2019aut\u00e8ntic gust de la terra amb la fruita de Lleida - Balue Fruits\" \/>\n<meta property=\"og:description\" content=\"Descobreix el sabor \u00fanic de la fruita dol\u00e7a amb Balu\u00e9 Fruits. Som especialistas en la venda a l&#039;engr\u00f2s de fruita i oli d&#039;oliva.\" \/>\n<meta property=\"og:url\" content=\"https:\/\/baluefruits.com\/it\/assaboreix-lautentic-gust-de-la-terra-amb-la-fruita-de-lleida\/\" \/>\n<meta property=\"og:site_name\" content=\"Balue Fruits\" \/>\n<meta property=\"article:published_time\" content=\"2025-08-04T07:48:03+00:00\" \/>\n<meta property=\"article:modified_time\" content=\"2025-09-16T08:03:01+00:00\" \/>\n<meta property=\"og:image\" content=\"https:\/\/baluefruits.com\/wp-content\/uploads\/2025\/09\/fruita-de-Lleida-2.jpg\" \/>\n\t<meta property=\"og:image:width\" content=\"1200\" \/>\n\t<meta property=\"og:image:height\" content=\"750\" \/>\n\t<meta property=\"og:image:type\" content=\"image\/jpeg\" \/>\n<meta name=\"author\" content=\"panterwebs@gmail.com\" \/>\n<meta name=\"twitter:card\" content=\"summary_large_image\" \/>\n<meta name=\"twitter:label1\" content=\"Scritto da\" \/>\n\t<meta name=\"twitter:data1\" content=\"panterwebs@gmail.com\" \/>\n\t<meta name=\"twitter:label2\" content=\"Tempo di lettura stimato\" \/>\n\t<meta name=\"twitter:data2\" content=\"4 minuti\" \/>\n<script type=\"application\/ld+json\" class=\"yoast-schema-graph\">{\"@context\":\"https:\/\/schema.org\",\"@graph\":[{\"@type\":\"WebPage\",\"@id\":\"https:\/\/baluefruits.com\/assaboreix-lautentic-gust-de-la-terra-amb-la-fruita-de-lleida\/\",\"url\":\"https:\/\/baluefruits.com\/assaboreix-lautentic-gust-de-la-terra-amb-la-fruita-de-lleida\/\",\"name\":\"Assaboreix l\u2019aut\u00e8ntic gust de la terra amb la fruita de Lleida - Balue Fruits\",\"isPartOf\":{\"@id\":\"https:\/\/baluefruits.com\/#website\"},\"primaryImageOfPage\":{\"@id\":\"https:\/\/baluefruits.com\/assaboreix-lautentic-gust-de-la-terra-amb-la-fruita-de-lleida\/#primaryimage\"},\"image\":{\"@id\":\"https:\/\/baluefruits.com\/assaboreix-lautentic-gust-de-la-terra-amb-la-fruita-de-lleida\/#primaryimage\"},\"thumbnailUrl\":\"https:\/\/baluefruits.com\/wp-content\/uploads\/2025\/09\/fruita-de-Lleida-2.jpg\",\"datePublished\":\"2025-08-04T07:48:03+00:00\",\"dateModified\":\"2025-09-16T08:03:01+00:00\",\"author\":{\"@id\":\"https:\/\/baluefruits.com\/#\/schema\/person\/eed3cb366c55cee998358d491cec205e\"},\"description\":\"Descobreix el sabor \u00fanic de la fruita dol\u00e7a amb Balu\u00e9 Fruits. Som especialistas en la venda a l'engr\u00f2s de fruita i oli d'oliva.\",\"breadcrumb\":{\"@id\":\"https:\/\/baluefruits.com\/assaboreix-lautentic-gust-de-la-terra-amb-la-fruita-de-lleida\/#breadcrumb\"},\"inLanguage\":\"it-IT\",\"potentialAction\":[{\"@type\":\"ReadAction\",\"target\":[\"https:\/\/baluefruits.com\/assaboreix-lautentic-gust-de-la-terra-amb-la-fruita-de-lleida\/\"]}]},{\"@type\":\"ImageObject\",\"inLanguage\":\"it-IT\",\"@id\":\"https:\/\/baluefruits.com\/assaboreix-lautentic-gust-de-la-terra-amb-la-fruita-de-lleida\/#primaryimage\",\"url\":\"https:\/\/baluefruits.com\/wp-content\/uploads\/2025\/09\/fruita-de-Lleida-2.jpg\",\"contentUrl\":\"https:\/\/baluefruits.com\/wp-content\/uploads\/2025\/09\/fruita-de-Lleida-2.jpg\",\"width\":1200,\"height\":750,\"caption\":\"camp lleida\"},{\"@type\":\"BreadcrumbList\",\"@id\":\"https:\/\/baluefruits.com\/assaboreix-lautentic-gust-de-la-terra-amb-la-fruita-de-lleida\/#breadcrumb\",\"itemListElement\":[{\"@type\":\"ListItem\",\"position\":1,\"name\":\"Portada\",\"item\":\"https:\/\/baluefruits.com\/\"},{\"@type\":\"ListItem\",\"position\":2,\"name\":\"Assaboreix l\u2019aut\u00e8ntic gust de la terra amb la fruita de Lleida\"}]},{\"@type\":\"WebSite\",\"@id\":\"https:\/\/baluefruits.com\/#website\",\"url\":\"https:\/\/baluefruits.com\/\",\"name\":\"Balue Fruits\",\"description\":\"Productes agr\u00edcoles de qualitat a Lleida\",\"potentialAction\":[{\"@type\":\"SearchAction\",\"target\":{\"@type\":\"EntryPoint\",\"urlTemplate\":\"https:\/\/baluefruits.com\/?s={search_term_string}\"},\"query-input\":{\"@type\":\"PropertyValueSpecification\",\"valueRequired\":true,\"valueName\":\"search_term_string\"}}],\"inLanguage\":\"it-IT\"},{\"@type\":\"Person\",\"@id\":\"https:\/\/baluefruits.com\/#\/schema\/person\/eed3cb366c55cee998358d491cec205e\",\"name\":\"panterwebs@gmail.com\",\"sameAs\":[\"https:\/\/baluefruits.com\"],\"url\":\"https:\/\/baluefruits.com\/it\/author\/panterwebsgmail-com\/\"}]}<\/script>\n<!-- \/ Yoast SEO plugin. -->","yoast_head_json":{"title":"Assaboreix l\u2019aut\u00e8ntic gust de la terra amb la fruita de Lleida - Balue Fruits","description":"Descobreix el sabor \u00fanic de la fruita dol\u00e7a amb Balu\u00e9 Fruits. Som especialistas en la venda a l'engr\u00f2s de fruita i oli d'oliva.","robots":{"index":"index","follow":"follow","max-snippet":"max-snippet:-1","max-image-preview":"max-image-preview:large","max-video-preview":"max-video-preview:-1"},"canonical":"https:\/\/baluefruits.com\/it\/assaboreix-lautentic-gust-de-la-terra-amb-la-fruita-de-lleida\/","og_locale":"it_IT","og_type":"article","og_title":"Assaboreix l\u2019aut\u00e8ntic gust de la terra amb la fruita de Lleida - Balue Fruits","og_description":"Descobreix el sabor \u00fanic de la fruita dol\u00e7a amb Balu\u00e9 Fruits. Som especialistas en la venda a l'engr\u00f2s de fruita i oli d'oliva.","og_url":"https:\/\/baluefruits.com\/it\/assaboreix-lautentic-gust-de-la-terra-amb-la-fruita-de-lleida\/","og_site_name":"Balue Fruits","article_published_time":"2025-08-04T07:48:03+00:00","article_modified_time":"2025-09-16T08:03:01+00:00","og_image":[{"width":1200,"height":750,"url":"https:\/\/baluefruits.com\/wp-content\/uploads\/2025\/09\/fruita-de-Lleida-2.jpg","type":"image\/jpeg"}],"author":"panterwebs@gmail.com","twitter_card":"summary_large_image","twitter_misc":{"Scritto da":"panterwebs@gmail.com","Tempo di lettura stimato":"4 minuti"},"schema":{"@context":"https:\/\/schema.org","@graph":[{"@type":"WebPage","@id":"https:\/\/baluefruits.com\/assaboreix-lautentic-gust-de-la-terra-amb-la-fruita-de-lleida\/","url":"https:\/\/baluefruits.com\/assaboreix-lautentic-gust-de-la-terra-amb-la-fruita-de-lleida\/","name":"Assaboreix l\u2019aut\u00e8ntic gust de la terra amb la fruita de Lleida - Balue Fruits","isPartOf":{"@id":"https:\/\/baluefruits.com\/#website"},"primaryImageOfPage":{"@id":"https:\/\/baluefruits.com\/assaboreix-lautentic-gust-de-la-terra-amb-la-fruita-de-lleida\/#primaryimage"},"image":{"@id":"https:\/\/baluefruits.com\/assaboreix-lautentic-gust-de-la-terra-amb-la-fruita-de-lleida\/#primaryimage"},"thumbnailUrl":"https:\/\/baluefruits.com\/wp-content\/uploads\/2025\/09\/fruita-de-Lleida-2.jpg","datePublished":"2025-08-04T07:48:03+00:00","dateModified":"2025-09-16T08:03:01+00:00","author":{"@id":"https:\/\/baluefruits.com\/#\/schema\/person\/eed3cb366c55cee998358d491cec205e"},"description":"Descobreix el sabor \u00fanic de la fruita dol\u00e7a amb Balu\u00e9 Fruits. Som especialistas en la venda a l'engr\u00f2s de fruita i oli d'oliva.","breadcrumb":{"@id":"https:\/\/baluefruits.com\/assaboreix-lautentic-gust-de-la-terra-amb-la-fruita-de-lleida\/#breadcrumb"},"inLanguage":"it-IT","potentialAction":[{"@type":"ReadAction","target":["https:\/\/baluefruits.com\/assaboreix-lautentic-gust-de-la-terra-amb-la-fruita-de-lleida\/"]}]},{"@type":"ImageObject","inLanguage":"it-IT","@id":"https:\/\/baluefruits.com\/assaboreix-lautentic-gust-de-la-terra-amb-la-fruita-de-lleida\/#primaryimage","url":"https:\/\/baluefruits.com\/wp-content\/uploads\/2025\/09\/fruita-de-Lleida-2.jpg","contentUrl":"https:\/\/baluefruits.com\/wp-content\/uploads\/2025\/09\/fruita-de-Lleida-2.jpg","width":1200,"height":750,"caption":"camp lleida"},{"@type":"BreadcrumbList","@id":"https:\/\/baluefruits.com\/assaboreix-lautentic-gust-de-la-terra-amb-la-fruita-de-lleida\/#breadcrumb","itemListElement":[{"@type":"ListItem","position":1,"name":"Portada","item":"https:\/\/baluefruits.com\/"},{"@type":"ListItem","position":2,"name":"Assaboreix l\u2019aut\u00e8ntic gust de la terra amb la fruita de Lleida"}]},{"@type":"WebSite","@id":"https:\/\/baluefruits.com\/#website","url":"https:\/\/baluefruits.com\/","name":"Frutti di Balue","description":"Prodotti agricoli di qualit\u00e0 a Lleida","potentialAction":[{"@type":"SearchAction","target":{"@type":"EntryPoint","urlTemplate":"https:\/\/baluefruits.com\/?s={search_term_string}"},"query-input":{"@type":"PropertyValueSpecification","valueRequired":true,"valueName":"search_term_string"}}],"inLanguage":"it-IT"},{"@type":"Person","@id":"https:\/\/baluefruits.com\/#\/schema\/person\/eed3cb366c55cee998358d491cec205e","name":"panterwebs@gmail.com","sameAs":["https:\/\/baluefruits.com"],"url":"https:\/\/baluefruits.com\/it\/author\/panterwebsgmail-com\/"}]}},"_links":{"self":[{"href":"https:\/\/baluefruits.com\/it\/wp-json\/wp\/v2\/posts\/907","targetHints":{"allow":["GET"]}}],"collection":[{"href":"https:\/\/baluefruits.com\/it\/wp-json\/wp\/v2\/posts"}],"about":[{"href":"https:\/\/baluefruits.com\/it\/wp-json\/wp\/v2\/types\/post"}],"author":[{"embeddable":true,"href":"https:\/\/baluefruits.com\/it\/wp-json\/wp\/v2\/users\/1"}],"replies":[{"embeddable":true,"href":"https:\/\/baluefruits.com\/it\/wp-json\/wp\/v2\/comments?post=907"}],"version-history":[{"count":1,"href":"https:\/\/baluefruits.com\/it\/wp-json\/wp\/v2\/posts\/907\/revisions"}],"predecessor-version":[{"id":912,"href":"https:\/\/baluefruits.com\/it\/wp-json\/wp\/v2\/posts\/907\/revisions\/912"}],"wp:featuredmedia":[{"embeddable":true,"href":"https:\/\/baluefruits.com\/it\/wp-json\/wp\/v2\/media\/909"}],"wp:attachment":[{"href":"https:\/\/baluefruits.com\/it\/wp-json\/wp\/v2\/media?parent=907"}],"wp:term":[{"taxonomy":"category","embeddable":true,"href":"https:\/\/baluefruits.com\/it\/wp-json\/wp\/v2\/categories?post=907"},{"taxonomy":"post_tag","embeddable":true,"href":"https:\/\/baluefruits.com\/it\/wp-json\/wp\/v2\/tags?post=907"}],"curies":[{"name":"parola chiave","href":"https:\/\/api.w.org\/{rel}","templated":true}]}}