{"id":947,"date":"2025-10-07T14:31:16","date_gmt":"2025-10-07T12:31:16","guid":{"rendered":"https:\/\/baluefruits.com\/?p=947"},"modified":"2025-10-21T14:54:19","modified_gmt":"2025-10-21T12:54:19","slug":"oli-doliva-verge-extra-sense-refinar-i-sense-mescles-amb-balue-fruits","status":"publish","type":"post","link":"https:\/\/baluefruits.com\/fr\/oli-doliva-verge-extra-sense-refinar-i-sense-mescles-amb-balue-fruits\/","title":{"rendered":"Huile d&#039;olive vierge extra non raffin\u00e9e et non m\u00e9lang\u00e9e aux fruits de Balu\u00e9"},"content":{"rendered":"<h2 class=\"wp-block-heading\">Tout ce que vous devez savoir avant de l&#039;essayer<\/h2>\n\n\n\n<p>Le<strong><a href=\"https:\/\/baluefruits.com\/fr\/oli-oliva-a-lengros\/\">Huile d&#039;olive vierge extra<\/a><\/strong> Ce n&#039;est pas seulement un ingr\u00e9dient de la cuisine m\u00e9diterran\u00e9enne, c&#039;est un produit charg\u00e9 d&#039;histoire, de culture et de caract\u00e8re. \u00c0 L\u00e9rida, les olives Arbequina produisent une huile particuli\u00e8rement appr\u00e9ci\u00e9e pour sa douceur, ses notes fruit\u00e9es et sa l\u00e9g\u00e8re amertume qui la rendent incomparable. Chaque goutte pr\u00e9serve le go\u00fbt authentique du fruit et ses nutriments naturels, et repr\u00e9sente une ann\u00e9e de travail minutieux\u00a0: de la plantation et de la culture \u00e0 la r\u00e9colte et \u00e0 la transformation.<\/p>\n\n\n\n<p>La r\u00e9gion de L\u00e9rida est particuli\u00e8rement propice \u00e0 la production d&#039;huile. Les terres arides de L\u00e9rida, alli\u00e9es \u00e0 des sols riches et \u00e0 un climat m\u00e9diterran\u00e9en continental, favorisent une croissance lente et constante de l&#039;olive, ce qui en intensifie la saveur et l&#039;ar\u00f4me. De plus, la proximit\u00e9 des champs et des coop\u00e9ratives locales garantit fra\u00eecheur et tra\u00e7abilit\u00e9, une valeur ajout\u00e9e de plus en plus appr\u00e9ci\u00e9e par les consommateurs en qu\u00eate de produits authentiques et de qualit\u00e9.<\/p>\n\n\n\n<figure class=\"wp-block-image size-large\"><img fetchpriority=\"high\" decoding=\"async\" width=\"1024\" height=\"640\" src=\"https:\/\/baluefruits.com\/wp-content\/uploads\/2025\/10\/oli-doliva-verge-extra-1-1024x640.jpg\" alt=\"oliva arbequina\" class=\"wp-image-956\" srcset=\"https:\/\/baluefruits.com\/wp-content\/uploads\/2025\/10\/oli-doliva-verge-extra-1-1024x640.jpg 1024w, https:\/\/baluefruits.com\/wp-content\/uploads\/2025\/10\/oli-doliva-verge-extra-1-300x188.jpg 300w, https:\/\/baluefruits.com\/wp-content\/uploads\/2025\/10\/oli-doliva-verge-extra-1-768x480.jpg 768w, https:\/\/baluefruits.com\/wp-content\/uploads\/2025\/10\/oli-doliva-verge-extra-1-18x12.jpg 18w, https:\/\/baluefruits.com\/wp-content\/uploads\/2025\/10\/oli-doliva-verge-extra-1.jpg 1200w\" sizes=\"(max-width: 1024px) 100vw, 1024px\" \/><\/figure>\n\n\n\n<h3 class=\"wp-block-heading\">Comment reconna\u00eetre une huile d\u2019olive de qualit\u00e9 ?<\/h3>\n\n\n\n<p>Pour appr\u00e9cier une bonne huile vierge extra, il est important de pr\u00eater attention \u00e0 plusieurs caract\u00e9ristiques. Le premier indicateur est l&#039;odorat\u00a0: une huile de qualit\u00e9 exhale des ar\u00f4mes frais d&#039;olives vertes et, souvent, des notes d&#039;herbes et de fruits. La texture en bouche doit \u00eatre l\u00e9g\u00e8re, douce mais ample, avec un \u00e9quilibre entre douceur, l\u00e9g\u00e8re note \u00e9pic\u00e9e et amertume caract\u00e9ristique. La tra\u00e7abilit\u00e9 est un autre \u00e9l\u00e9ment cl\u00e9\u00a0: les huiles portant l&#039;indication de la campagne et de la vari\u00e9t\u00e9 d&#039;olives garantissent la fra\u00eecheur et l&#039;authenticit\u00e9 du produit, sans m\u00e9lange industriel d&#039;origines diff\u00e9rentes. Cela permet de savoir pr\u00e9cis\u00e9ment quand l&#039;huile a \u00e9t\u00e9 produite.<strong>Huile d&#039;olive vierge extra<\/strong> et quel type d&#039;olive a \u00e9t\u00e9 utilis\u00e9, des informations tr\u00e8s appr\u00e9ci\u00e9es aussi bien par les consommateurs priv\u00e9s que par les professionnels de la cuisine.<\/p>\n\n\n\n<h2 class=\"wp-block-heading\">Avantages pour la sant\u00e9<\/h2>\n\n\n\n<p>Le<strong><a href=\"https:\/\/baluefruits.com\/fr\/oli-doliva-darbequina-dextraccio-en-fred-a-balue-fruits\/\">Huile d&#039;olive vierge extra <\/a><\/strong>L&#039;huile d&#039;olive vierge extra est l&#039;un des ingr\u00e9dients les plus sains du r\u00e9gime m\u00e9diterran\u00e9en. Elle contient des antioxydants naturels, des acides gras mono-insatur\u00e9s et des vitamines liposolubles, qui contribuent \u00e0 prot\u00e9ger le syst\u00e8me cardiovasculaire, \u00e0 r\u00e9duire le cholest\u00e9rol et \u00e0 pr\u00e9venir l&#039;inflammation. De plus, les compos\u00e9s antioxydants agissent comme des protecteurs cellulaires, contribuant ainsi \u00e0 la pr\u00e9vention de certaines maladies et \u00e0 une vie plus saine. Sa consommation r\u00e9guli\u00e8re en salades, l\u00e9gumes au four ou plats croustillants apporte de la saveur sans ajout de mati\u00e8res grasses industrielles, am\u00e9liorant ainsi l&#039;alimentation quotidienne. Cette alliance entre sant\u00e9 et go\u00fbt fait de l&#039;huile vierge extra un v\u00e9ritable \u00ab\u00a0or liquide\u00a0\u00bb.<\/p>\n\n\n\n<figure class=\"wp-block-image size-large\"><img decoding=\"async\" width=\"1024\" height=\"640\" src=\"https:\/\/baluefruits.com\/wp-content\/uploads\/2025\/10\/oli-doliva-verge-extra-1024x640.jpg\" alt=\"oliva arbequina\" class=\"wp-image-957\" srcset=\"https:\/\/baluefruits.com\/wp-content\/uploads\/2025\/10\/oli-doliva-verge-extra-1024x640.jpg 1024w, https:\/\/baluefruits.com\/wp-content\/uploads\/2025\/10\/oli-doliva-verge-extra-300x188.jpg 300w, https:\/\/baluefruits.com\/wp-content\/uploads\/2025\/10\/oli-doliva-verge-extra-768x480.jpg 768w, https:\/\/baluefruits.com\/wp-content\/uploads\/2025\/10\/oli-doliva-verge-extra-18x12.jpg 18w, https:\/\/baluefruits.com\/wp-content\/uploads\/2025\/10\/oli-doliva-verge-extra.jpg 1200w\" sizes=\"(max-width: 1024px) 100vw, 1024px\" \/><\/figure>\n\n\n\n<h2 class=\"wp-block-heading\">Comment l&#039;utiliser en cuisine ?<\/h2>\n\n\n\n<p>Cette huile est extr\u00eamement polyvalente. Elle est id\u00e9ale pour assaisonner les salades, cuire les l\u00e9gumes ou apporter une touche finale aux viandes et poissons. Elle est \u00e9galement parfaite pour pr\u00e9parer des mayonnaises, des sauces et des vinaigrettes maison, car elle apporte de la saveur sans recourir \u00e0 des produits industriels.<\/p>\n\n\n\n<p>Un conseil pratique consiste \u00e0 ajouter l&#039;huile crue en fin de cuisson\u00a0: ainsi, tous ses ar\u00f4mes et ses propri\u00e9t\u00e9s antioxydantes sont pr\u00e9serv\u00e9s. Les chefs professionnels et les amateurs de cuisine recommandent de go\u00fbter l&#039;huile avant utilisation afin d&#039;en appr\u00e9cier la complexit\u00e9 et de la choisir en fonction du plat pr\u00e9par\u00e9.<\/p>\n\n\n\n<h2 class=\"wp-block-heading\">Acheter de l&#039;huile locale : un geste durable<\/h2>\n\n\n\n<p>Choisir l&#039;huile de Lleida, c&#039;est choisir des produits locaux, durables et charg\u00e9s d&#039;histoire. Acheter directement aupr\u00e8s des coop\u00e9ratives de Lleida ou des producteurs locaux garantit fra\u00eecheur et qualit\u00e9, et \u00e9vite les interm\u00e9diaires qui pourraient allonger les processus et r\u00e9duire la tra\u00e7abilit\u00e9. De plus, ce choix contribue au maintien de l&#039;\u00e9conomie agricole de la r\u00e9gion, en pr\u00e9servant des traditions s\u00e9culaires de culture et de r\u00e9colte. Pour les entreprises, acheter de l&#039;huile d&#039;olive en vrac est \u00e9galement une option int\u00e9ressante, car cela permet de proposer des produits frais et certifi\u00e9s, avec l&#039;avantage de conna\u00eetre pr\u00e9cis\u00e9ment leur origine et leur qualit\u00e9.<\/p>\n\n\n\n<figure class=\"wp-block-image size-large\"><img decoding=\"async\" width=\"1024\" height=\"640\" src=\"https:\/\/baluefruits.com\/wp-content\/uploads\/2025\/10\/oli-doliva-verge-extra-2-1024x640.jpg\" alt=\"oliva arbequina\" class=\"wp-image-955\" srcset=\"https:\/\/baluefruits.com\/wp-content\/uploads\/2025\/10\/oli-doliva-verge-extra-2-1024x640.jpg 1024w, https:\/\/baluefruits.com\/wp-content\/uploads\/2025\/10\/oli-doliva-verge-extra-2-300x188.jpg 300w, https:\/\/baluefruits.com\/wp-content\/uploads\/2025\/10\/oli-doliva-verge-extra-2-768x480.jpg 768w, https:\/\/baluefruits.com\/wp-content\/uploads\/2025\/10\/oli-doliva-verge-extra-2-18x12.jpg 18w, https:\/\/baluefruits.com\/wp-content\/uploads\/2025\/10\/oli-doliva-verge-extra-2.jpg 1200w\" sizes=\"(max-width: 1024px) 100vw, 1024px\" \/><\/figure>\n\n\n\n<h2 class=\"wp-block-heading\">Comment le conserver correctement ?<\/h2>\n\n\n\n<p>Pour profiter pleinement de toutes les propri\u00e9t\u00e9s de l&#039;huile, il est important de la conserver correctement. Elle doit \u00eatre conserv\u00e9e dans un endroit frais et sombre, \u00e0 l&#039;abri de la lumi\u00e8re et de la chaleur. Il est recommand\u00e9 de l&#039;utiliser dans de petits contenants afin de la consommer avant qu&#039;elle ne perde son ar\u00f4me et sa saveur. Il est conseill\u00e9 de l&#039;utiliser dans les 12 mois suivant la r\u00e9colte, afin qu&#039;elle conserve toutes ses qualit\u00e9s. Il est \u00e9galement n\u00e9cessaire d&#039;\u00e9viter de la stocker pr\u00e8s d&#039;une cuisini\u00e8re ou d&#039;une fen\u00eatre, car la chaleur et la lumi\u00e8re d\u00e9gradent les antioxydants et alt\u00e8rent son go\u00fbt. Des contenants en acier ou en verre fonc\u00e9 sont id\u00e9aux pour conserver le produit intact.<\/p>\n\n\n\n<h2 class=\"wp-block-heading\">Contribue \u00e0 la production p\u00e9troli\u00e8re durable <\/h2>\n\n\n\n<p>Le<strong><a href=\"https:\/\/baluefruits.com\/fr\/oli-doliva-arbequina-a-lengros-lor-verd-de-lleida-al-teu-abast\/\">Huile d&#039;olive vierge extra <\/a><\/strong>L&#039;huile d&#039;Arbequina de Lleida est bien plus qu&#039;un ingr\u00e9dient culinaire\u00a0: chaque goutte concentre saveur, sant\u00e9 et tradition. Apprendre \u00e0 reconna\u00eetre sa qualit\u00e9, la conserver correctement et l&#039;utiliser \u00e0 bon escient permet d&#039;en profiter pleinement. De plus, acheter de l&#039;huile locale contribue \u00e0 une production durable et soutient l&#039;\u00e9conomie de Lleida. Qu&#039;elle soit destin\u00e9e \u00e0 un usage domestique ou professionnel, l&#039;huile Arbequina de Lleida est un produit gastronomique \u00e0 la tra\u00e7abilit\u00e9 totale, \u00e0 l&#039;ar\u00f4me incomparable et aux bienfaits pour la sant\u00e9, un v\u00e9ritable joyau du r\u00e9gime m\u00e9diterran\u00e9en.<\/p>","protected":false},"excerpt":{"rendered":"<p>Tot el que has de saber abans de tastar-lo L\u2019oli d\u2019oliva verge extra no \u00e9s nom\u00e9s un ingredient de la cuina mediterr\u00e0nia, sin\u00f3 un producte amb hist\u00f2ria, cultura i car\u00e0cter. A Lleida, les olives arbequines donen un oli especialment apreciat per la seva suavitat, notes afruitades i un lleuger toc amarg que el fan inconfusible. [&hellip;]<\/p>","protected":false},"author":1,"featured_media":954,"comment_status":"closed","ping_status":"closed","sticky":false,"template":"","format":"standard","meta":{"footnotes":""},"categories":[1,18],"tags":[19],"class_list":["post-947","post","type-post","status-publish","format-standard","has-post-thumbnail","hentry","category-blog","category-oli-doliva-verge-extra","tag-oli-doliva-verge-extra"],"yoast_head":"<!-- This site is optimized with the Yoast SEO plugin v26.3 - https:\/\/yoast.com\/wordpress\/plugins\/seo\/ -->\n<title>Oli d\u2019oliva verge extra sense refinar i sense mescles amb Balu\u00e9 Fruits - Balue Fruits<\/title>\n<meta name=\"robots\" content=\"index, follow, max-snippet:-1, max-image-preview:large, max-video-preview:-1\" \/>\n<link rel=\"canonical\" href=\"https:\/\/baluefruits.com\/fr\/oli-doliva-verge-extra-sense-refinar-i-sense-mescles-amb-balue-fruits\/\" \/>\n<meta property=\"og:locale\" content=\"fr_FR\" \/>\n<meta property=\"og:type\" content=\"article\" \/>\n<meta property=\"og:title\" content=\"Oli d\u2019oliva verge extra sense refinar i sense mescles amb Balu\u00e9 Fruits - Balue Fruits\" \/>\n<meta property=\"og:description\" content=\"Tot el que has de saber abans de tastar-lo L\u2019oli d\u2019oliva verge extra no \u00e9s nom\u00e9s un ingredient de la cuina mediterr\u00e0nia, sin\u00f3 un producte amb hist\u00f2ria, cultura i car\u00e0cter. A Lleida, les olives arbequines donen un oli especialment apreciat per la seva suavitat, notes afruitades i un lleuger toc amarg que el fan inconfusible. [&hellip;]\" \/>\n<meta property=\"og:url\" content=\"https:\/\/baluefruits.com\/fr\/oli-doliva-verge-extra-sense-refinar-i-sense-mescles-amb-balue-fruits\/\" \/>\n<meta property=\"og:site_name\" content=\"Balue Fruits\" \/>\n<meta property=\"article:published_time\" content=\"2025-10-07T12:31:16+00:00\" \/>\n<meta property=\"article:modified_time\" content=\"2025-10-21T12:54:19+00:00\" \/>\n<meta property=\"og:image\" content=\"https:\/\/baluefruits.com\/wp-content\/uploads\/2025\/10\/oli-doliva-verge-extra-3.jpg\" \/>\n\t<meta property=\"og:image:width\" content=\"1200\" \/>\n\t<meta property=\"og:image:height\" content=\"750\" \/>\n\t<meta property=\"og:image:type\" content=\"image\/jpeg\" \/>\n<meta name=\"author\" content=\"panterwebs@gmail.com\" \/>\n<meta name=\"twitter:card\" content=\"summary_large_image\" \/>\n<meta name=\"twitter:label1\" content=\"\u00c9crit par\" \/>\n\t<meta name=\"twitter:data1\" content=\"panterwebs@gmail.com\" \/>\n\t<meta name=\"twitter:label2\" content=\"Dur\u00e9e de lecture estim\u00e9e\" \/>\n\t<meta name=\"twitter:data2\" content=\"5 minutes\" \/>\n<script type=\"application\/ld+json\" class=\"yoast-schema-graph\">{\"@context\":\"https:\/\/schema.org\",\"@graph\":[{\"@type\":\"WebPage\",\"@id\":\"https:\/\/baluefruits.com\/oli-doliva-verge-extra-sense-refinar-i-sense-mescles-amb-balue-fruits\/\",\"url\":\"https:\/\/baluefruits.com\/oli-doliva-verge-extra-sense-refinar-i-sense-mescles-amb-balue-fruits\/\",\"name\":\"Oli d\u2019oliva verge extra sense refinar i sense mescles amb Balu\u00e9 Fruits - Balue Fruits\",\"isPartOf\":{\"@id\":\"https:\/\/baluefruits.com\/#website\"},\"primaryImageOfPage\":{\"@id\":\"https:\/\/baluefruits.com\/oli-doliva-verge-extra-sense-refinar-i-sense-mescles-amb-balue-fruits\/#primaryimage\"},\"image\":{\"@id\":\"https:\/\/baluefruits.com\/oli-doliva-verge-extra-sense-refinar-i-sense-mescles-amb-balue-fruits\/#primaryimage\"},\"thumbnailUrl\":\"https:\/\/baluefruits.com\/wp-content\/uploads\/2025\/10\/oli-doliva-verge-extra-3.jpg\",\"datePublished\":\"2025-10-07T12:31:16+00:00\",\"dateModified\":\"2025-10-21T12:54:19+00:00\",\"author\":{\"@id\":\"https:\/\/baluefruits.com\/#\/schema\/person\/eed3cb366c55cee998358d491cec205e\"},\"breadcrumb\":{\"@id\":\"https:\/\/baluefruits.com\/oli-doliva-verge-extra-sense-refinar-i-sense-mescles-amb-balue-fruits\/#breadcrumb\"},\"inLanguage\":\"fr-FR\",\"potentialAction\":[{\"@type\":\"ReadAction\",\"target\":[\"https:\/\/baluefruits.com\/oli-doliva-verge-extra-sense-refinar-i-sense-mescles-amb-balue-fruits\/\"]}]},{\"@type\":\"ImageObject\",\"inLanguage\":\"fr-FR\",\"@id\":\"https:\/\/baluefruits.com\/oli-doliva-verge-extra-sense-refinar-i-sense-mescles-amb-balue-fruits\/#primaryimage\",\"url\":\"https:\/\/baluefruits.com\/wp-content\/uploads\/2025\/10\/oli-doliva-verge-extra-3.jpg\",\"contentUrl\":\"https:\/\/baluefruits.com\/wp-content\/uploads\/2025\/10\/oli-doliva-verge-extra-3.jpg\",\"width\":1200,\"height\":750,\"caption\":\"oliva arbequina\"},{\"@type\":\"BreadcrumbList\",\"@id\":\"https:\/\/baluefruits.com\/oli-doliva-verge-extra-sense-refinar-i-sense-mescles-amb-balue-fruits\/#breadcrumb\",\"itemListElement\":[{\"@type\":\"ListItem\",\"position\":1,\"name\":\"Portada\",\"item\":\"https:\/\/baluefruits.com\/\"},{\"@type\":\"ListItem\",\"position\":2,\"name\":\"Oli d\u2019oliva verge extra sense refinar i sense mescles amb Balu\u00e9 Fruits\"}]},{\"@type\":\"WebSite\",\"@id\":\"https:\/\/baluefruits.com\/#website\",\"url\":\"https:\/\/baluefruits.com\/\",\"name\":\"Balue Fruits\",\"description\":\"Productes agr\u00edcoles de qualitat a Lleida\",\"potentialAction\":[{\"@type\":\"SearchAction\",\"target\":{\"@type\":\"EntryPoint\",\"urlTemplate\":\"https:\/\/baluefruits.com\/?s={search_term_string}\"},\"query-input\":{\"@type\":\"PropertyValueSpecification\",\"valueRequired\":true,\"valueName\":\"search_term_string\"}}],\"inLanguage\":\"fr-FR\"},{\"@type\":\"Person\",\"@id\":\"https:\/\/baluefruits.com\/#\/schema\/person\/eed3cb366c55cee998358d491cec205e\",\"name\":\"panterwebs@gmail.com\",\"sameAs\":[\"https:\/\/baluefruits.com\"],\"url\":\"https:\/\/baluefruits.com\/fr\/author\/panterwebsgmail-com\/\"}]}<\/script>\n<!-- \/ Yoast SEO plugin. -->","yoast_head_json":{"title":"Oli d\u2019oliva verge extra sense refinar i sense mescles amb Balu\u00e9 Fruits - Balue Fruits","robots":{"index":"index","follow":"follow","max-snippet":"max-snippet:-1","max-image-preview":"max-image-preview:large","max-video-preview":"max-video-preview:-1"},"canonical":"https:\/\/baluefruits.com\/fr\/oli-doliva-verge-extra-sense-refinar-i-sense-mescles-amb-balue-fruits\/","og_locale":"fr_FR","og_type":"article","og_title":"Oli d\u2019oliva verge extra sense refinar i sense mescles amb Balu\u00e9 Fruits - Balue Fruits","og_description":"Tot el que has de saber abans de tastar-lo L\u2019oli d\u2019oliva verge extra no \u00e9s nom\u00e9s un ingredient de la cuina mediterr\u00e0nia, sin\u00f3 un producte amb hist\u00f2ria, cultura i car\u00e0cter. A Lleida, les olives arbequines donen un oli especialment apreciat per la seva suavitat, notes afruitades i un lleuger toc amarg que el fan inconfusible. [&hellip;]","og_url":"https:\/\/baluefruits.com\/fr\/oli-doliva-verge-extra-sense-refinar-i-sense-mescles-amb-balue-fruits\/","og_site_name":"Balue Fruits","article_published_time":"2025-10-07T12:31:16+00:00","article_modified_time":"2025-10-21T12:54:19+00:00","og_image":[{"width":1200,"height":750,"url":"https:\/\/baluefruits.com\/wp-content\/uploads\/2025\/10\/oli-doliva-verge-extra-3.jpg","type":"image\/jpeg"}],"author":"panterwebs@gmail.com","twitter_card":"summary_large_image","twitter_misc":{"\u00c9crit par":"panterwebs@gmail.com","Dur\u00e9e de lecture estim\u00e9e":"5 minutes"},"schema":{"@context":"https:\/\/schema.org","@graph":[{"@type":"WebPage","@id":"https:\/\/baluefruits.com\/oli-doliva-verge-extra-sense-refinar-i-sense-mescles-amb-balue-fruits\/","url":"https:\/\/baluefruits.com\/oli-doliva-verge-extra-sense-refinar-i-sense-mescles-amb-balue-fruits\/","name":"Oli d\u2019oliva verge extra sense refinar i sense mescles amb Balu\u00e9 Fruits - Balue Fruits","isPartOf":{"@id":"https:\/\/baluefruits.com\/#website"},"primaryImageOfPage":{"@id":"https:\/\/baluefruits.com\/oli-doliva-verge-extra-sense-refinar-i-sense-mescles-amb-balue-fruits\/#primaryimage"},"image":{"@id":"https:\/\/baluefruits.com\/oli-doliva-verge-extra-sense-refinar-i-sense-mescles-amb-balue-fruits\/#primaryimage"},"thumbnailUrl":"https:\/\/baluefruits.com\/wp-content\/uploads\/2025\/10\/oli-doliva-verge-extra-3.jpg","datePublished":"2025-10-07T12:31:16+00:00","dateModified":"2025-10-21T12:54:19+00:00","author":{"@id":"https:\/\/baluefruits.com\/#\/schema\/person\/eed3cb366c55cee998358d491cec205e"},"breadcrumb":{"@id":"https:\/\/baluefruits.com\/oli-doliva-verge-extra-sense-refinar-i-sense-mescles-amb-balue-fruits\/#breadcrumb"},"inLanguage":"fr-FR","potentialAction":[{"@type":"ReadAction","target":["https:\/\/baluefruits.com\/oli-doliva-verge-extra-sense-refinar-i-sense-mescles-amb-balue-fruits\/"]}]},{"@type":"ImageObject","inLanguage":"fr-FR","@id":"https:\/\/baluefruits.com\/oli-doliva-verge-extra-sense-refinar-i-sense-mescles-amb-balue-fruits\/#primaryimage","url":"https:\/\/baluefruits.com\/wp-content\/uploads\/2025\/10\/oli-doliva-verge-extra-3.jpg","contentUrl":"https:\/\/baluefruits.com\/wp-content\/uploads\/2025\/10\/oli-doliva-verge-extra-3.jpg","width":1200,"height":750,"caption":"oliva arbequina"},{"@type":"BreadcrumbList","@id":"https:\/\/baluefruits.com\/oli-doliva-verge-extra-sense-refinar-i-sense-mescles-amb-balue-fruits\/#breadcrumb","itemListElement":[{"@type":"ListItem","position":1,"name":"Portada","item":"https:\/\/baluefruits.com\/"},{"@type":"ListItem","position":2,"name":"Oli d\u2019oliva verge extra sense refinar i sense mescles amb Balu\u00e9 Fruits"}]},{"@type":"WebSite","@id":"https:\/\/baluefruits.com\/#website","url":"https:\/\/baluefruits.com\/","name":"Fruits de Balue","description":"Produits agricoles de qualit\u00e9 \u00e0 Lleida","potentialAction":[{"@type":"SearchAction","target":{"@type":"EntryPoint","urlTemplate":"https:\/\/baluefruits.com\/?s={search_term_string}"},"query-input":{"@type":"PropertyValueSpecification","valueRequired":true,"valueName":"search_term_string"}}],"inLanguage":"fr-FR"},{"@type":"Person","@id":"https:\/\/baluefruits.com\/#\/schema\/person\/eed3cb366c55cee998358d491cec205e","name":"panterwebs@gmail.com","sameAs":["https:\/\/baluefruits.com"],"url":"https:\/\/baluefruits.com\/fr\/author\/panterwebsgmail-com\/"}]}},"_links":{"self":[{"href":"https:\/\/baluefruits.com\/fr\/wp-json\/wp\/v2\/posts\/947","targetHints":{"allow":["GET"]}}],"collection":[{"href":"https:\/\/baluefruits.com\/fr\/wp-json\/wp\/v2\/posts"}],"about":[{"href":"https:\/\/baluefruits.com\/fr\/wp-json\/wp\/v2\/types\/post"}],"author":[{"embeddable":true,"href":"https:\/\/baluefruits.com\/fr\/wp-json\/wp\/v2\/users\/1"}],"replies":[{"embeddable":true,"href":"https:\/\/baluefruits.com\/fr\/wp-json\/wp\/v2\/comments?post=947"}],"version-history":[{"count":3,"href":"https:\/\/baluefruits.com\/fr\/wp-json\/wp\/v2\/posts\/947\/revisions"}],"predecessor-version":[{"id":958,"href":"https:\/\/baluefruits.com\/fr\/wp-json\/wp\/v2\/posts\/947\/revisions\/958"}],"wp:featuredmedia":[{"embeddable":true,"href":"https:\/\/baluefruits.com\/fr\/wp-json\/wp\/v2\/media\/954"}],"wp:attachment":[{"href":"https:\/\/baluefruits.com\/fr\/wp-json\/wp\/v2\/media?parent=947"}],"wp:term":[{"taxonomy":"category","embeddable":true,"href":"https:\/\/baluefruits.com\/fr\/wp-json\/wp\/v2\/categories?post=947"},{"taxonomy":"post_tag","embeddable":true,"href":"https:\/\/baluefruits.com\/fr\/wp-json\/wp\/v2\/tags?post=947"}],"curies":[{"name":"wp","href":"https:\/\/api.w.org\/{rel}","templated":true}]}}