{"id":939,"date":"2025-09-29T10:22:31","date_gmt":"2025-09-29T08:22:31","guid":{"rendered":"https:\/\/baluefruits.com\/?p=939"},"modified":"2025-10-21T14:28:03","modified_gmt":"2025-10-21T12:28:03","slug":"oli-doliva-darbequina-dextraccio-en-fred-a-balue-fruits","status":"publish","type":"post","link":"https:\/\/baluefruits.com\/fr\/oli-doliva-darbequina-dextraccio-en-fred-a-balue-fruits\/","title":{"rendered":"Huile d&#039;olive arbequina press\u00e9e \u00e0 froid chez Balu\u00e9 Fruits\u00a0"},"content":{"rendered":"<h2 class=\"wp-block-heading\"><strong>Qualit\u00e9 et tradition pour les entreprises du secteur alimentaire<\/strong>&nbsp;<\/h2>\n\n\n\n<p>L&#039;huile d&#039;olive est l&#039;un des produits les plus repr\u00e9sentatifs du r\u00e9gime m\u00e9diterran\u00e9en, r\u00e9put\u00e9e pour ses propri\u00e9t\u00e9s b\u00e9n\u00e9fiques pour la sant\u00e9 et sa saveur caract\u00e9ristique. \u00c0 L\u00e9rida, la production d&#039;huile d&#039;olive vierge extra (HOVE) est une tradition profond\u00e9ment ancr\u00e9e, avec des produits qui se distinguent par leur qualit\u00e9 et leur authenticit\u00e9.<strong><a href=\"https:\/\/baluefruits.com\/fr\/oli-oliva-lleida\/\">huile d&#039;olive de Lleida<\/a><\/strong> Elle se caract\u00e9rise par l&#039;utilisation exclusive d&#039;olives de la vari\u00e9t\u00e9 Arbequina, reconnue pour sa saveur douce et \u00e9quilibr\u00e9e. Cette vari\u00e9t\u00e9 apporte une touche de fra\u00eecheur aux notes fruit\u00e9es, id\u00e9ale pour tous types de plats. De plus, l&#039;extraction \u00e0 froid pr\u00e9serve les ar\u00f4mes et les propri\u00e9t\u00e9s antioxydantes de l&#039;huile, garantissant ainsi une qualit\u00e9 sup\u00e9rieure.\u00a0<\/p>\n\n\n\n<figure class=\"wp-block-image size-large\"><img fetchpriority=\"high\" decoding=\"async\" width=\"1024\" height=\"640\" src=\"https:\/\/baluefruits.com\/wp-content\/uploads\/2025\/09\/oli-doliva-de-Lleida-1-1024x640.jpg\" alt=\"oliva arbequina\" class=\"wp-image-942\" srcset=\"https:\/\/baluefruits.com\/wp-content\/uploads\/2025\/09\/oli-doliva-de-Lleida-1-1024x640.jpg 1024w, https:\/\/baluefruits.com\/wp-content\/uploads\/2025\/09\/oli-doliva-de-Lleida-1-300x188.jpg 300w, https:\/\/baluefruits.com\/wp-content\/uploads\/2025\/09\/oli-doliva-de-Lleida-1-768x480.jpg 768w, https:\/\/baluefruits.com\/wp-content\/uploads\/2025\/09\/oli-doliva-de-Lleida-1-18x12.jpg 18w, https:\/\/baluefruits.com\/wp-content\/uploads\/2025\/09\/oli-doliva-de-Lleida-1.jpg 1200w\" sizes=\"(max-width: 1024px) 100vw, 1024px\" \/><\/figure>\n\n\n\n<h3 class=\"wp-block-heading\"><strong>Pourquoi est-il important de r\u00e9aliser une extraction \u00e0 froid ?<\/strong>&nbsp;<\/h3>\n\n\n\n<p>Extraction \u00e0 froid de la<strong><a href=\"https:\/\/baluefruits.com\/fr\/oli-oliva-a-lengros\/\">huile d&#039;olive de Lleida<\/a><\/strong>, en particulier pour la vari\u00e9t\u00e9 Arbequina, est un aspect fondamental qui d\u00e9termine la qualit\u00e9 finale du produit et ses bienfaits nutritionnels. L&#039;extraction \u00e0 froid d\u00e9signe le pressage des olives \u00e0 une temp\u00e9rature ne d\u00e9passant pas 27 \u00b0C. Cette technique permet de pr\u00e9server les propri\u00e9t\u00e9s naturelles de l&#039;olive, telles que les antioxydants, les polyph\u00e9nols et les vitamines, tr\u00e8s sensibles \u00e0 la chaleur.\u00a0<\/p>\n\n\n\n<p>Dans le cas de l&#039;Arbequina, une vari\u00e9t\u00e9 typique de Lleida, l&#039;extraction \u00e0 froid est particuli\u00e8rement importante pour pr\u00e9server sa saveur douce, fruit\u00e9e et l\u00e9g\u00e8rement sucr\u00e9e, caract\u00e9ristiques qui font de cette huile un produit tr\u00e8s appr\u00e9ci\u00e9 pour une utilisation culinaire directe, les salades et les plats gastronomiques. Si l&#039;huile est press\u00e9e \u00e0 haute temp\u00e9rature, les composants aromatiques et les substances antioxydantes peuvent \u00eatre d\u00e9grad\u00e9s, affectant \u00e0 la fois la saveur et les propri\u00e9t\u00e9s b\u00e9n\u00e9fiques de l&#039;huile. De plus, l&#039;extraction \u00e0 froid<strong>huile d&#039;olive de Lleida<\/strong>, contribue \u00e0 une plus grande durabilit\u00e9 et stabilit\u00e9 de l&#039;huile, car elle \u00e9vite les processus d&#039;oxydation pr\u00e9matur\u00e9s. Ainsi, les entreprises qui ach\u00e8tent de l&#039;huile d&#039;olive Arbequina en vrac peuvent garantir \u00e0 leurs clients un produit frais, aux bienfaits nutritionnels intacts et au go\u00fbt constant.&nbsp;&nbsp;<\/p>\n\n\n\n<figure class=\"wp-block-image size-large\"><img decoding=\"async\" width=\"1024\" height=\"640\" src=\"https:\/\/baluefruits.com\/wp-content\/uploads\/2025\/09\/oli-doliva-de-Lleida-1024x640.jpg\" alt=\"oliva arbequina\" class=\"wp-image-943\" srcset=\"https:\/\/baluefruits.com\/wp-content\/uploads\/2025\/09\/oli-doliva-de-Lleida-1024x640.jpg 1024w, https:\/\/baluefruits.com\/wp-content\/uploads\/2025\/09\/oli-doliva-de-Lleida-300x188.jpg 300w, https:\/\/baluefruits.com\/wp-content\/uploads\/2025\/09\/oli-doliva-de-Lleida-768x480.jpg 768w, https:\/\/baluefruits.com\/wp-content\/uploads\/2025\/09\/oli-doliva-de-Lleida-18x12.jpg 18w, https:\/\/baluefruits.com\/wp-content\/uploads\/2025\/09\/oli-doliva-de-Lleida.jpg 1200w\" sizes=\"(max-width: 1024px) 100vw, 1024px\" \/><\/figure>\n\n\n\n<h3 class=\"wp-block-heading\"><strong>Avantages pour la sant\u00e9<\/strong>&nbsp;<\/h3>\n\n\n\n<p>L&#039;huile d&#039;olive vierge extra est riche en antioxydants naturels, comme les polyph\u00e9nols, qui contribuent \u00e0 la protection cellulaire et au vieillissement en bonne sant\u00e9. Elle est \u00e9galement une source d&#039;acides gras b\u00e9n\u00e9fiques pour le maintien d&#039;un taux de cholest\u00e9rol sain. Int\u00e9grer ce type d&#039;huile \u00e0 votre alimentation peut apporter des bienfaits consid\u00e9rables pour la sant\u00e9.&nbsp;<\/p>\n\n\n\n<h2 class=\"wp-block-heading\"><strong>Vous souhaitez acheter de l&#039;huile d&#039;olive Arbequina en gros ?<\/strong>&nbsp;<\/h2>\n\n\n\n<p>Pour les entreprises agroalimentaires \u00e0 la recherche de fournisseurs d&#039;huile d&#039;olive en gros, il est essentiel d&#039;\u00e9tablir des relations avec des producteurs locaux garantissant qualit\u00e9, tra\u00e7abilit\u00e9 et durabilit\u00e9. Collaborer avec des coop\u00e9ratives ou des entreprises comme Balu\u00e9 Fruits peut s&#039;av\u00e9rer strat\u00e9gique, car nous offrons la meilleure qualit\u00e9.<strong>huile d&#039;olive<\/strong> huile d&#039;olive extra vierge de qualit\u00e9 originaire de <strong>L\u00e9rida<\/strong>.&nbsp;<\/p>\n\n\n\n<figure class=\"wp-block-image size-large\"><img decoding=\"async\" width=\"1024\" height=\"640\" src=\"https:\/\/baluefruits.com\/wp-content\/uploads\/2025\/09\/oli-doliva-de-Lleida-3-1024x640.jpg\" alt=\"oliva arbequina\" class=\"wp-image-940\" srcset=\"https:\/\/baluefruits.com\/wp-content\/uploads\/2025\/09\/oli-doliva-de-Lleida-3-1024x640.jpg 1024w, https:\/\/baluefruits.com\/wp-content\/uploads\/2025\/09\/oli-doliva-de-Lleida-3-300x188.jpg 300w, https:\/\/baluefruits.com\/wp-content\/uploads\/2025\/09\/oli-doliva-de-Lleida-3-768x480.jpg 768w, https:\/\/baluefruits.com\/wp-content\/uploads\/2025\/09\/oli-doliva-de-Lleida-3-18x12.jpg 18w, https:\/\/baluefruits.com\/wp-content\/uploads\/2025\/09\/oli-doliva-de-Lleida-3.jpg 1200w\" sizes=\"(max-width: 1024px) 100vw, 1024px\" \/><\/figure>\n\n\n\n<p>Le<strong><a href=\"https:\/\/baluefruits.com\/fr\/oli-doliva-arbequina-a-lengros-lor-verd-de-lleida-al-teu-abast\/\">huile d&#039;olive de Lleida<\/a><\/strong> Elle repr\u00e9sente une excellente option pour les entreprises du secteur agroalimentaire \u00e0 la recherche de produits de qualit\u00e9, \u00e0 forte valeur ajout\u00e9e et fortement ancr\u00e9s dans le territoire. L&#039;alliance de la tradition, de la qualit\u00e9 et de la sant\u00e9 fait de cette huile un choix de premier ordre.\u00a0<\/p>","protected":false},"excerpt":{"rendered":"<p>Qualitat i tradici\u00f3 per a empreses del sector alimentari&nbsp; L&#8217;oli d&#8217;oliva \u00e9s un dels productes m\u00e9s representatius de la dieta mediterr\u00e0nia, conegut per les seves propietats saludables i el seu sabor caracter\u00edstic. A Lleida, la producci\u00f3 d&#8217;oli d&#8217;oliva verge extra (AOVE) \u00e9s una tradici\u00f3 arrelada, amb productes que destaquen per la seva qualitat i autenticitat. [&hellip;]<\/p>","protected":false},"author":1,"featured_media":941,"comment_status":"closed","ping_status":"closed","sticky":false,"template":"","format":"standard","meta":{"footnotes":""},"categories":[1],"tags":[],"class_list":["post-939","post","type-post","status-publish","format-standard","has-post-thumbnail","hentry","category-blog"],"yoast_head":"<!-- This site is optimized with the Yoast SEO plugin v26.3 - https:\/\/yoast.com\/wordpress\/plugins\/seo\/ -->\n<title>Oli d&#039;oliva d\u2019arbequina d\u2019extracci\u00f3 en fred a Balu\u00e9 Fruits\u00a0 - Balue Fruits<\/title>\n<meta name=\"description\" content=\"Descobreix la qualitat de l&#039;oli d&#039;oliva arbequina amb extracci\u00f3 en fred de Balu\u00e9 Fruits i gaudeix de l&#039;aut\u00e8ntic or verd.\" \/>\n<meta name=\"robots\" content=\"index, follow, max-snippet:-1, max-image-preview:large, max-video-preview:-1\" \/>\n<link rel=\"canonical\" href=\"https:\/\/baluefruits.com\/fr\/oli-doliva-darbequina-dextraccio-en-fred-a-balue-fruits\/\" \/>\n<meta property=\"og:locale\" content=\"fr_FR\" \/>\n<meta property=\"og:type\" content=\"article\" \/>\n<meta property=\"og:title\" content=\"Oli d&#039;oliva d\u2019arbequina d\u2019extracci\u00f3 en fred a Balu\u00e9 Fruits\u00a0 - Balue Fruits\" \/>\n<meta property=\"og:description\" content=\"Descobreix la qualitat de l&#039;oli d&#039;oliva arbequina amb extracci\u00f3 en fred de Balu\u00e9 Fruits i gaudeix de l&#039;aut\u00e8ntic or verd.\" \/>\n<meta property=\"og:url\" content=\"https:\/\/baluefruits.com\/fr\/oli-doliva-darbequina-dextraccio-en-fred-a-balue-fruits\/\" \/>\n<meta property=\"og:site_name\" content=\"Balue Fruits\" \/>\n<meta property=\"article:published_time\" content=\"2025-09-29T08:22:31+00:00\" \/>\n<meta property=\"article:modified_time\" content=\"2025-10-21T12:28:03+00:00\" \/>\n<meta property=\"og:image\" content=\"https:\/\/baluefruits.com\/wp-content\/uploads\/2025\/09\/oli-doliva-de-Lleida-2.jpg\" \/>\n\t<meta property=\"og:image:width\" content=\"1200\" \/>\n\t<meta property=\"og:image:height\" content=\"750\" \/>\n\t<meta property=\"og:image:type\" content=\"image\/jpeg\" \/>\n<meta name=\"author\" content=\"panterwebs@gmail.com\" \/>\n<meta name=\"twitter:card\" content=\"summary_large_image\" \/>\n<meta name=\"twitter:label1\" content=\"\u00c9crit par\" \/>\n\t<meta name=\"twitter:data1\" content=\"panterwebs@gmail.com\" \/>\n\t<meta name=\"twitter:label2\" content=\"Dur\u00e9e de lecture estim\u00e9e\" \/>\n\t<meta name=\"twitter:data2\" content=\"4 minutes\" \/>\n<script type=\"application\/ld+json\" class=\"yoast-schema-graph\">{\"@context\":\"https:\/\/schema.org\",\"@graph\":[{\"@type\":\"WebPage\",\"@id\":\"https:\/\/baluefruits.com\/oli-doliva-darbequina-dextraccio-en-fred-a-balue-fruits\/\",\"url\":\"https:\/\/baluefruits.com\/oli-doliva-darbequina-dextraccio-en-fred-a-balue-fruits\/\",\"name\":\"Oli d'oliva d\u2019arbequina d\u2019extracci\u00f3 en fred a Balu\u00e9 Fruits\u00a0 - Balue Fruits\",\"isPartOf\":{\"@id\":\"https:\/\/baluefruits.com\/#website\"},\"primaryImageOfPage\":{\"@id\":\"https:\/\/baluefruits.com\/oli-doliva-darbequina-dextraccio-en-fred-a-balue-fruits\/#primaryimage\"},\"image\":{\"@id\":\"https:\/\/baluefruits.com\/oli-doliva-darbequina-dextraccio-en-fred-a-balue-fruits\/#primaryimage\"},\"thumbnailUrl\":\"https:\/\/baluefruits.com\/wp-content\/uploads\/2025\/09\/oli-doliva-de-Lleida-2.jpg\",\"datePublished\":\"2025-09-29T08:22:31+00:00\",\"dateModified\":\"2025-10-21T12:28:03+00:00\",\"author\":{\"@id\":\"https:\/\/baluefruits.com\/#\/schema\/person\/eed3cb366c55cee998358d491cec205e\"},\"description\":\"Descobreix la qualitat de l'oli d'oliva arbequina amb extracci\u00f3 en fred de Balu\u00e9 Fruits i gaudeix de l'aut\u00e8ntic or verd.\",\"breadcrumb\":{\"@id\":\"https:\/\/baluefruits.com\/oli-doliva-darbequina-dextraccio-en-fred-a-balue-fruits\/#breadcrumb\"},\"inLanguage\":\"fr-FR\",\"potentialAction\":[{\"@type\":\"ReadAction\",\"target\":[\"https:\/\/baluefruits.com\/oli-doliva-darbequina-dextraccio-en-fred-a-balue-fruits\/\"]}]},{\"@type\":\"ImageObject\",\"inLanguage\":\"fr-FR\",\"@id\":\"https:\/\/baluefruits.com\/oli-doliva-darbequina-dextraccio-en-fred-a-balue-fruits\/#primaryimage\",\"url\":\"https:\/\/baluefruits.com\/wp-content\/uploads\/2025\/09\/oli-doliva-de-Lleida-2.jpg\",\"contentUrl\":\"https:\/\/baluefruits.com\/wp-content\/uploads\/2025\/09\/oli-doliva-de-Lleida-2.jpg\",\"width\":1200,\"height\":750,\"caption\":\"oliva arbequina\"},{\"@type\":\"BreadcrumbList\",\"@id\":\"https:\/\/baluefruits.com\/oli-doliva-darbequina-dextraccio-en-fred-a-balue-fruits\/#breadcrumb\",\"itemListElement\":[{\"@type\":\"ListItem\",\"position\":1,\"name\":\"Portada\",\"item\":\"https:\/\/baluefruits.com\/\"},{\"@type\":\"ListItem\",\"position\":2,\"name\":\"Oli d&#8217;oliva d\u2019arbequina d\u2019extracci\u00f3 en fred a Balu\u00e9 Fruits\u00a0\"}]},{\"@type\":\"WebSite\",\"@id\":\"https:\/\/baluefruits.com\/#website\",\"url\":\"https:\/\/baluefruits.com\/\",\"name\":\"Balue Fruits\",\"description\":\"Productes agr\u00edcoles de qualitat a Lleida\",\"potentialAction\":[{\"@type\":\"SearchAction\",\"target\":{\"@type\":\"EntryPoint\",\"urlTemplate\":\"https:\/\/baluefruits.com\/?s={search_term_string}\"},\"query-input\":{\"@type\":\"PropertyValueSpecification\",\"valueRequired\":true,\"valueName\":\"search_term_string\"}}],\"inLanguage\":\"fr-FR\"},{\"@type\":\"Person\",\"@id\":\"https:\/\/baluefruits.com\/#\/schema\/person\/eed3cb366c55cee998358d491cec205e\",\"name\":\"panterwebs@gmail.com\",\"sameAs\":[\"https:\/\/baluefruits.com\"],\"url\":\"https:\/\/baluefruits.com\/fr\/author\/panterwebsgmail-com\/\"}]}<\/script>\n<!-- \/ Yoast SEO plugin. -->","yoast_head_json":{"title":"Oli d'oliva d\u2019arbequina d\u2019extracci\u00f3 en fred a Balu\u00e9 Fruits\u00a0 - Balue Fruits","description":"Descobreix la qualitat de l'oli d'oliva arbequina amb extracci\u00f3 en fred de Balu\u00e9 Fruits i gaudeix de l'aut\u00e8ntic or verd.","robots":{"index":"index","follow":"follow","max-snippet":"max-snippet:-1","max-image-preview":"max-image-preview:large","max-video-preview":"max-video-preview:-1"},"canonical":"https:\/\/baluefruits.com\/fr\/oli-doliva-darbequina-dextraccio-en-fred-a-balue-fruits\/","og_locale":"fr_FR","og_type":"article","og_title":"Oli d'oliva d\u2019arbequina d\u2019extracci\u00f3 en fred a Balu\u00e9 Fruits\u00a0 - Balue Fruits","og_description":"Descobreix la qualitat de l'oli d'oliva arbequina amb extracci\u00f3 en fred de Balu\u00e9 Fruits i gaudeix de l'aut\u00e8ntic or verd.","og_url":"https:\/\/baluefruits.com\/fr\/oli-doliva-darbequina-dextraccio-en-fred-a-balue-fruits\/","og_site_name":"Balue Fruits","article_published_time":"2025-09-29T08:22:31+00:00","article_modified_time":"2025-10-21T12:28:03+00:00","og_image":[{"width":1200,"height":750,"url":"https:\/\/baluefruits.com\/wp-content\/uploads\/2025\/09\/oli-doliva-de-Lleida-2.jpg","type":"image\/jpeg"}],"author":"panterwebs@gmail.com","twitter_card":"summary_large_image","twitter_misc":{"\u00c9crit par":"panterwebs@gmail.com","Dur\u00e9e de lecture estim\u00e9e":"4 minutes"},"schema":{"@context":"https:\/\/schema.org","@graph":[{"@type":"WebPage","@id":"https:\/\/baluefruits.com\/oli-doliva-darbequina-dextraccio-en-fred-a-balue-fruits\/","url":"https:\/\/baluefruits.com\/oli-doliva-darbequina-dextraccio-en-fred-a-balue-fruits\/","name":"Oli d'oliva d\u2019arbequina d\u2019extracci\u00f3 en fred a Balu\u00e9 Fruits\u00a0 - Balue Fruits","isPartOf":{"@id":"https:\/\/baluefruits.com\/#website"},"primaryImageOfPage":{"@id":"https:\/\/baluefruits.com\/oli-doliva-darbequina-dextraccio-en-fred-a-balue-fruits\/#primaryimage"},"image":{"@id":"https:\/\/baluefruits.com\/oli-doliva-darbequina-dextraccio-en-fred-a-balue-fruits\/#primaryimage"},"thumbnailUrl":"https:\/\/baluefruits.com\/wp-content\/uploads\/2025\/09\/oli-doliva-de-Lleida-2.jpg","datePublished":"2025-09-29T08:22:31+00:00","dateModified":"2025-10-21T12:28:03+00:00","author":{"@id":"https:\/\/baluefruits.com\/#\/schema\/person\/eed3cb366c55cee998358d491cec205e"},"description":"Descobreix la qualitat de l'oli d'oliva arbequina amb extracci\u00f3 en fred de Balu\u00e9 Fruits i gaudeix de l'aut\u00e8ntic or verd.","breadcrumb":{"@id":"https:\/\/baluefruits.com\/oli-doliva-darbequina-dextraccio-en-fred-a-balue-fruits\/#breadcrumb"},"inLanguage":"fr-FR","potentialAction":[{"@type":"ReadAction","target":["https:\/\/baluefruits.com\/oli-doliva-darbequina-dextraccio-en-fred-a-balue-fruits\/"]}]},{"@type":"ImageObject","inLanguage":"fr-FR","@id":"https:\/\/baluefruits.com\/oli-doliva-darbequina-dextraccio-en-fred-a-balue-fruits\/#primaryimage","url":"https:\/\/baluefruits.com\/wp-content\/uploads\/2025\/09\/oli-doliva-de-Lleida-2.jpg","contentUrl":"https:\/\/baluefruits.com\/wp-content\/uploads\/2025\/09\/oli-doliva-de-Lleida-2.jpg","width":1200,"height":750,"caption":"oliva arbequina"},{"@type":"BreadcrumbList","@id":"https:\/\/baluefruits.com\/oli-doliva-darbequina-dextraccio-en-fred-a-balue-fruits\/#breadcrumb","itemListElement":[{"@type":"ListItem","position":1,"name":"Portada","item":"https:\/\/baluefruits.com\/"},{"@type":"ListItem","position":2,"name":"Oli d&#8217;oliva d\u2019arbequina d\u2019extracci\u00f3 en fred a Balu\u00e9 Fruits\u00a0"}]},{"@type":"WebSite","@id":"https:\/\/baluefruits.com\/#website","url":"https:\/\/baluefruits.com\/","name":"Fruits de Balue","description":"Produits agricoles de qualit\u00e9 \u00e0 Lleida","potentialAction":[{"@type":"SearchAction","target":{"@type":"EntryPoint","urlTemplate":"https:\/\/baluefruits.com\/?s={search_term_string}"},"query-input":{"@type":"PropertyValueSpecification","valueRequired":true,"valueName":"search_term_string"}}],"inLanguage":"fr-FR"},{"@type":"Person","@id":"https:\/\/baluefruits.com\/#\/schema\/person\/eed3cb366c55cee998358d491cec205e","name":"panterwebs@gmail.com","sameAs":["https:\/\/baluefruits.com"],"url":"https:\/\/baluefruits.com\/fr\/author\/panterwebsgmail-com\/"}]}},"_links":{"self":[{"href":"https:\/\/baluefruits.com\/fr\/wp-json\/wp\/v2\/posts\/939","targetHints":{"allow":["GET"]}}],"collection":[{"href":"https:\/\/baluefruits.com\/fr\/wp-json\/wp\/v2\/posts"}],"about":[{"href":"https:\/\/baluefruits.com\/fr\/wp-json\/wp\/v2\/types\/post"}],"author":[{"embeddable":true,"href":"https:\/\/baluefruits.com\/fr\/wp-json\/wp\/v2\/users\/1"}],"replies":[{"embeddable":true,"href":"https:\/\/baluefruits.com\/fr\/wp-json\/wp\/v2\/comments?post=939"}],"version-history":[{"count":1,"href":"https:\/\/baluefruits.com\/fr\/wp-json\/wp\/v2\/posts\/939\/revisions"}],"predecessor-version":[{"id":944,"href":"https:\/\/baluefruits.com\/fr\/wp-json\/wp\/v2\/posts\/939\/revisions\/944"}],"wp:featuredmedia":[{"embeddable":true,"href":"https:\/\/baluefruits.com\/fr\/wp-json\/wp\/v2\/media\/941"}],"wp:attachment":[{"href":"https:\/\/baluefruits.com\/fr\/wp-json\/wp\/v2\/media?parent=939"}],"wp:term":[{"taxonomy":"category","embeddable":true,"href":"https:\/\/baluefruits.com\/fr\/wp-json\/wp\/v2\/categories?post=939"},{"taxonomy":"post_tag","embeddable":true,"href":"https:\/\/baluefruits.com\/fr\/wp-json\/wp\/v2\/tags?post=939"}],"curies":[{"name":"wp","href":"https:\/\/api.w.org\/{rel}","templated":true}]}}