{"id":913,"date":"2025-08-18T10:04:30","date_gmt":"2025-08-18T08:04:30","guid":{"rendered":"https:\/\/baluefruits.com\/?p=913"},"modified":"2025-09-16T10:16:48","modified_gmt":"2025-09-16T08:16:48","slug":"oli-doliva-arbequina-a-lengros-lor-verd-de-lleida-al-teu-abast","status":"publish","type":"post","link":"https:\/\/baluefruits.com\/fr\/oli-doliva-arbequina-a-lengros-lor-verd-de-lleida-al-teu-abast\/","title":{"rendered":"Huile d&#039;olive Arbequina en gros \u2013 L&#039;or vert de Lleida \u00e0 port\u00e9e de main"},"content":{"rendered":"<h2 class=\"wp-block-heading\"><strong>D\u00e9couvrez un produit pur, sans raffinements ni m\u00e9langes<\/strong><\/h2>\n\n\n\n<p>L&#039;huile d&#039;olive est consid\u00e9r\u00e9e comme l&#039;un des tr\u00e9sors du r\u00e9gime m\u00e9diterran\u00e9en. Dans la province de L\u00e9rida, ce produit est devenu un symbole de tradition, de sant\u00e9 et de qualit\u00e9.<strong><a href=\"https:\/\/baluefruits.com\/fr\/oli-oliva-a-lengros\/\">huile d&#039;olive en gros<\/a><\/strong>Il s&#039;agit d&#039;une option qui int\u00e9resse aussi bien les restaurateurs que les distributeurs, ainsi que tous ceux qui appr\u00e9cient un produit authentique. En effet, au-del\u00e0 d&#039;\u00eatre un simple ingr\u00e9dient, l&#039;huile est une culture et un patrimoine.<\/p>\n\n\n\n<figure class=\"wp-block-image size-large\"><img fetchpriority=\"high\" decoding=\"async\" width=\"1024\" height=\"640\" src=\"https:\/\/baluefruits.com\/wp-content\/uploads\/2025\/09\/oli-doliva-a-lengros-3-1024x640.jpg\" alt=\"oliva arbequina\" class=\"wp-image-914\" srcset=\"https:\/\/baluefruits.com\/wp-content\/uploads\/2025\/09\/oli-doliva-a-lengros-3-1024x640.jpg 1024w, https:\/\/baluefruits.com\/wp-content\/uploads\/2025\/09\/oli-doliva-a-lengros-3-300x188.jpg 300w, https:\/\/baluefruits.com\/wp-content\/uploads\/2025\/09\/oli-doliva-a-lengros-3-768x480.jpg 768w, https:\/\/baluefruits.com\/wp-content\/uploads\/2025\/09\/oli-doliva-a-lengros-3-18x12.jpg 18w, https:\/\/baluefruits.com\/wp-content\/uploads\/2025\/09\/oli-doliva-a-lengros-3.jpg 1200w\" sizes=\"(max-width: 1024px) 100vw, 1024px\" \/><\/figure>\n\n\n\n<h3 class=\"wp-block-heading\"><strong>La vari\u00e9t\u00e9 Arbequina : essence de Lleida<\/strong><\/h3>\n\n\n\n<p>L&#039;olive Arbequina est la principale vedette des champs de L\u00e9rida. Petite par sa taille mais riche en ar\u00f4mes, elle produit une huile caract\u00e9ris\u00e9e par\u00a0:<\/p>\n\n\n\n<ul class=\"wp-block-list\">\n<li>Ar\u00f4mes fruit\u00e9s avec des notes de pomme, d&#039;amande et d&#039;herbe fra\u00eeche.<br><\/li>\n\n\n\n<li>Go\u00fbt doux et \u00e9quilibr\u00e9, avec une touche am\u00e8re et \u00e9pic\u00e9e tr\u00e8s agr\u00e9able.<br><\/li>\n\n\n\n<li>Grande stabilit\u00e9, ce qui permet de conserver ses propri\u00e9t\u00e9s plus longtemps.<br><\/li>\n<\/ul>\n\n\n\n<p>Ce profil organoleptique a fait de l\u2019huile d\u2019Arbequina l\u2019une des plus appr\u00e9ci\u00e9es au monde.<\/p>\n\n\n\n<h2 class=\"wp-block-heading\"><strong>Avantages de l&#039;achat d&#039;huile d&#039;olive en gros<\/strong><\/h2>\n\n\n\n<p>Opter pour le p\u00e9trole \u00e0 grande \u00e9chelle pr\u00e9sente plusieurs avantages :<\/p>\n\n\n\n<ol class=\"wp-block-list\">\n<li>Efficacit\u00e9 \u00e9conomique : permet de r\u00e9duire les co\u00fbts et de proposer des prix plus comp\u00e9titifs.<br><\/li>\n\n\n\n<li>Qualit\u00e9 homog\u00e8ne : garantit que l\u2019ensemble du lot conserve les m\u00eames caract\u00e9ristiques sensorielles.<br><\/li>\n\n\n\n<li>S\u00e9curit\u00e9 et tra\u00e7abilit\u00e9 : chaque article indique l&#039;origine, la campagne et le processus de production.<\/li>\n<\/ol>\n\n\n\n<p>Ces facteurs sont particuli\u00e8rement pertinents dans des secteurs tels que la restauration, la restauration collective ou la distribution.<\/p>\n\n\n\n<figure class=\"wp-block-image size-large\"><img decoding=\"async\" width=\"1024\" height=\"640\" src=\"https:\/\/baluefruits.com\/wp-content\/uploads\/2025\/09\/oli-doliva-a-lengros--1024x640.jpg\" alt=\"oliva arbequina\" class=\"wp-image-917\" srcset=\"https:\/\/baluefruits.com\/wp-content\/uploads\/2025\/09\/oli-doliva-a-lengros--1024x640.jpg 1024w, https:\/\/baluefruits.com\/wp-content\/uploads\/2025\/09\/oli-doliva-a-lengros--300x188.jpg 300w, https:\/\/baluefruits.com\/wp-content\/uploads\/2025\/09\/oli-doliva-a-lengros--768x480.jpg 768w, https:\/\/baluefruits.com\/wp-content\/uploads\/2025\/09\/oli-doliva-a-lengros--18x12.jpg 18w, https:\/\/baluefruits.com\/wp-content\/uploads\/2025\/09\/oli-doliva-a-lengros-.jpg 1200w\" sizes=\"(max-width: 1024px) 100vw, 1024px\" \/><\/figure>\n\n\n\n<h3 class=\"wp-block-heading\"><strong>Comment faire une huile de qualit\u00e9<\/strong><\/h3>\n\n\n\n<p>Chez Balu\u00e9 Fruits vous pouvez trouver <strong><a href=\"https:\/\/baluefruits.com\/fr\/oli-doliva\/\">huile d&#039;olive en gros<\/a><\/strong>, qui est obtenu par des proc\u00e9d\u00e9s qui cherchent \u00e0 pr\u00e9server toutes les propri\u00e9t\u00e9s naturelles du fruit :<\/p>\n\n\n\n<ul class=\"wp-block-list\">\n<li>R\u00e9colter au moment optimal de maturation.<br><\/li>\n\n\n\n<li>Extraction \u00e0 froid, qui \u00e9vite de chauffer la p\u00e2te et pr\u00e9serve les antioxydants naturels.<br><\/li>\n\n\n\n<li>Filtration et conservation dans des conditions id\u00e9ales pour \u00e9viter l&#039;oxydation et conserver la fra\u00eecheur.<br><\/li>\n<\/ul>\n\n\n\n<p>Le r\u00e9sultat est un produit pur, sans raffinements ni m\u00e9langes, qui apporte \u00e0 la table toute l\u2019essence du territoire.<\/p>\n\n\n\n<h2 class=\"wp-block-heading\"><strong>Formats et applications<\/strong><\/h2>\n\n\n\n<p>L<strong>huile d&#039;olive en gros<\/strong> Cela ne se limite pas aux grands f\u00fbts. Les producteurs proposent diff\u00e9rents formats selon la demande\u00a0:<\/p>\n\n\n\n<ul class=\"wp-block-list\">\n<li>Bidons de 1, 3 ou 5 litres pour consommation domestique ou petits commerces.<br><\/li>\n\n\n\n<li>En vrac dans des contenants plus grands pour les \u00e9tablissements de restauration ou de restauration.<br><\/li>\n\n\n\n<li>Packs sp\u00e9ciaux pour entreprises ou cadeaux gourmands.<br><\/li>\n<\/ul>\n\n\n\n<p>Cette polyvalence en fait un produit adaptable \u00e0 diff\u00e9rents usages et contextes.<\/p>\n\n\n\n<h3 class=\"wp-block-heading\"><strong>Bienfaits de l&#039;huile d&#039;olive pour la sant\u00e9<\/strong><\/h3>\n\n\n\n<p>Les bienfaits pour la sant\u00e9 sont largement prouv\u00e9s :<\/p>\n\n\n\n<ul class=\"wp-block-list\">\n<li>Riche en acides gras mono-insatur\u00e9s, qui aident \u00e0 r\u00e9duire le mauvais cholest\u00e9rol.<br><\/li>\n\n\n\n<li>Il contient des antioxydants naturels (polyph\u00e9nols) avec un effet protecteur contre le vieillissement cellulaire.<br><\/li>\n\n\n\n<li>Il favorise une digestion plus douce et contribue \u00e0 la pr\u00e9vention des maladies cardiovasculaires.<\/li>\n<\/ul>\n\n\n\n<p>C&#039;est pourquoi il est un \u00e9l\u00e9ment central du r\u00e9gime m\u00e9diterran\u00e9en et un produit indispensable dans toute cuisine.<\/p>\n\n\n\n<figure class=\"wp-block-image size-large\"><img decoding=\"async\" width=\"1024\" height=\"640\" src=\"https:\/\/baluefruits.com\/wp-content\/uploads\/2025\/09\/oli-doliva-a-lengros-2-1024x640.jpg\" alt=\"oliva arbequina\" class=\"wp-image-915\" srcset=\"https:\/\/baluefruits.com\/wp-content\/uploads\/2025\/09\/oli-doliva-a-lengros-2-1024x640.jpg 1024w, https:\/\/baluefruits.com\/wp-content\/uploads\/2025\/09\/oli-doliva-a-lengros-2-300x188.jpg 300w, https:\/\/baluefruits.com\/wp-content\/uploads\/2025\/09\/oli-doliva-a-lengros-2-768x480.jpg 768w, https:\/\/baluefruits.com\/wp-content\/uploads\/2025\/09\/oli-doliva-a-lengros-2-18x12.jpg 18w, https:\/\/baluefruits.com\/wp-content\/uploads\/2025\/09\/oli-doliva-a-lengros-2.jpg 1200w\" sizes=\"(max-width: 1024px) 100vw, 1024px\" \/><\/figure>\n\n\n\n<p>Le<strong><a href=\"https:\/\/baluefruits.com\/fr\/oli-oliva-lleida\/\">huile d&#039;olive en gros<\/a> <\/strong>L&#039;huile d&#039;olive extra vierge de Lleida allie tradition, sant\u00e9 et durabilit\u00e9. Riche de plusieurs si\u00e8cles d&#039;histoire, elle est promise \u00e0 un avenir prometteur gr\u00e2ce \u00e0 sa qualit\u00e9 reconnue internationalement. Chaque goutte r\u00e9v\u00e8le le fruit du travail de la terre et de ceux qui la cultivent. Que ce soit pour la restauration, la distribution ou la consommation quotidienne, miser sur cette huile, c&#039;est miser sur l&#039;authenticit\u00e9 et l&#039;excellence.<\/p>\n\n\n\n<p><\/p>","protected":false},"excerpt":{"rendered":"<p>Descobreix un producte pur, sense refinats ni mescles L\u2019oli d\u2019oliva \u00e9s considerat un dels tresors de la dieta mediterr\u00e0nia. A la prov\u00edncia de Lleida, aquest producte s\u2019ha convertit en s\u00edmbol de tradici\u00f3, salut i qualitat. Quan parlem d\u2019oli d\u2019oliva a l\u2019engr\u00f2s, parlem d\u2019una opci\u00f3 que interessa tant a restauradors i distribu\u00efdors com a qualsevol que [&hellip;]<\/p>","protected":false},"author":1,"featured_media":916,"comment_status":"closed","ping_status":"closed","sticky":false,"template":"","format":"standard","meta":{"footnotes":""},"categories":[1],"tags":[],"class_list":["post-913","post","type-post","status-publish","format-standard","has-post-thumbnail","hentry","category-blog"],"yoast_head":"<!-- This site is optimized with the Yoast SEO plugin v26.3 - https:\/\/yoast.com\/wordpress\/plugins\/seo\/ -->\n<title>Oli d\u2019oliva arbequina a l\u2019engr\u00f2s \u2013 L\u2019or verd de Lleida al teu abast - Balue Fruits<\/title>\n<meta name=\"description\" content=\"si busques oli d\u2019oliva a l\u2019engr\u00f2s amb l&#039;aut\u00e8ntic sabor de l&#039;oliva arbequina has arribat al lloc adequat. T&#039;esperem a Balu\u00e9 Fruits.\" \/>\n<meta name=\"robots\" content=\"index, follow, max-snippet:-1, max-image-preview:large, max-video-preview:-1\" \/>\n<link rel=\"canonical\" href=\"https:\/\/baluefruits.com\/fr\/oli-doliva-arbequina-a-lengros-lor-verd-de-lleida-al-teu-abast\/\" \/>\n<meta property=\"og:locale\" content=\"fr_FR\" \/>\n<meta property=\"og:type\" content=\"article\" \/>\n<meta property=\"og:title\" content=\"Oli d\u2019oliva arbequina a l\u2019engr\u00f2s \u2013 L\u2019or verd de Lleida al teu abast - Balue Fruits\" \/>\n<meta property=\"og:description\" content=\"si busques oli d\u2019oliva a l\u2019engr\u00f2s amb l&#039;aut\u00e8ntic sabor de l&#039;oliva arbequina has arribat al lloc adequat. T&#039;esperem a Balu\u00e9 Fruits.\" \/>\n<meta property=\"og:url\" content=\"https:\/\/baluefruits.com\/fr\/oli-doliva-arbequina-a-lengros-lor-verd-de-lleida-al-teu-abast\/\" \/>\n<meta property=\"og:site_name\" content=\"Balue Fruits\" \/>\n<meta property=\"article:published_time\" content=\"2025-08-18T08:04:30+00:00\" \/>\n<meta property=\"article:modified_time\" content=\"2025-09-16T08:16:48+00:00\" \/>\n<meta property=\"og:image\" content=\"https:\/\/baluefruits.com\/wp-content\/uploads\/2025\/09\/oli-doliva-a-lengros-1.jpg\" \/>\n\t<meta property=\"og:image:width\" content=\"1200\" \/>\n\t<meta property=\"og:image:height\" content=\"750\" \/>\n\t<meta property=\"og:image:type\" content=\"image\/jpeg\" \/>\n<meta name=\"author\" content=\"panterwebs@gmail.com\" \/>\n<meta name=\"twitter:card\" content=\"summary_large_image\" \/>\n<meta name=\"twitter:label1\" content=\"\u00c9crit par\" \/>\n\t<meta name=\"twitter:data1\" content=\"panterwebs@gmail.com\" \/>\n\t<meta name=\"twitter:label2\" content=\"Dur\u00e9e de lecture estim\u00e9e\" \/>\n\t<meta name=\"twitter:data2\" content=\"4 minutes\" \/>\n<script type=\"application\/ld+json\" class=\"yoast-schema-graph\">{\"@context\":\"https:\/\/schema.org\",\"@graph\":[{\"@type\":\"WebPage\",\"@id\":\"https:\/\/baluefruits.com\/oli-doliva-arbequina-a-lengros-lor-verd-de-lleida-al-teu-abast\/\",\"url\":\"https:\/\/baluefruits.com\/oli-doliva-arbequina-a-lengros-lor-verd-de-lleida-al-teu-abast\/\",\"name\":\"Oli d\u2019oliva arbequina a l\u2019engr\u00f2s \u2013 L\u2019or verd de Lleida al teu abast - Balue Fruits\",\"isPartOf\":{\"@id\":\"https:\/\/baluefruits.com\/#website\"},\"primaryImageOfPage\":{\"@id\":\"https:\/\/baluefruits.com\/oli-doliva-arbequina-a-lengros-lor-verd-de-lleida-al-teu-abast\/#primaryimage\"},\"image\":{\"@id\":\"https:\/\/baluefruits.com\/oli-doliva-arbequina-a-lengros-lor-verd-de-lleida-al-teu-abast\/#primaryimage\"},\"thumbnailUrl\":\"https:\/\/baluefruits.com\/wp-content\/uploads\/2025\/09\/oli-doliva-a-lengros-1.jpg\",\"datePublished\":\"2025-08-18T08:04:30+00:00\",\"dateModified\":\"2025-09-16T08:16:48+00:00\",\"author\":{\"@id\":\"https:\/\/baluefruits.com\/#\/schema\/person\/eed3cb366c55cee998358d491cec205e\"},\"description\":\"si busques oli d\u2019oliva a l\u2019engr\u00f2s amb l'aut\u00e8ntic sabor de l'oliva arbequina has arribat al lloc adequat. T'esperem a Balu\u00e9 Fruits.\",\"breadcrumb\":{\"@id\":\"https:\/\/baluefruits.com\/oli-doliva-arbequina-a-lengros-lor-verd-de-lleida-al-teu-abast\/#breadcrumb\"},\"inLanguage\":\"fr-FR\",\"potentialAction\":[{\"@type\":\"ReadAction\",\"target\":[\"https:\/\/baluefruits.com\/oli-doliva-arbequina-a-lengros-lor-verd-de-lleida-al-teu-abast\/\"]}]},{\"@type\":\"ImageObject\",\"inLanguage\":\"fr-FR\",\"@id\":\"https:\/\/baluefruits.com\/oli-doliva-arbequina-a-lengros-lor-verd-de-lleida-al-teu-abast\/#primaryimage\",\"url\":\"https:\/\/baluefruits.com\/wp-content\/uploads\/2025\/09\/oli-doliva-a-lengros-1.jpg\",\"contentUrl\":\"https:\/\/baluefruits.com\/wp-content\/uploads\/2025\/09\/oli-doliva-a-lengros-1.jpg\",\"width\":1200,\"height\":750,\"caption\":\"oliva arbequina\"},{\"@type\":\"BreadcrumbList\",\"@id\":\"https:\/\/baluefruits.com\/oli-doliva-arbequina-a-lengros-lor-verd-de-lleida-al-teu-abast\/#breadcrumb\",\"itemListElement\":[{\"@type\":\"ListItem\",\"position\":1,\"name\":\"Portada\",\"item\":\"https:\/\/baluefruits.com\/\"},{\"@type\":\"ListItem\",\"position\":2,\"name\":\"Oli d\u2019oliva arbequina a l\u2019engr\u00f2s \u2013 L\u2019or verd de Lleida al teu abast\"}]},{\"@type\":\"WebSite\",\"@id\":\"https:\/\/baluefruits.com\/#website\",\"url\":\"https:\/\/baluefruits.com\/\",\"name\":\"Balue Fruits\",\"description\":\"Productes agr\u00edcoles de qualitat a Lleida\",\"potentialAction\":[{\"@type\":\"SearchAction\",\"target\":{\"@type\":\"EntryPoint\",\"urlTemplate\":\"https:\/\/baluefruits.com\/?s={search_term_string}\"},\"query-input\":{\"@type\":\"PropertyValueSpecification\",\"valueRequired\":true,\"valueName\":\"search_term_string\"}}],\"inLanguage\":\"fr-FR\"},{\"@type\":\"Person\",\"@id\":\"https:\/\/baluefruits.com\/#\/schema\/person\/eed3cb366c55cee998358d491cec205e\",\"name\":\"panterwebs@gmail.com\",\"sameAs\":[\"https:\/\/baluefruits.com\"],\"url\":\"https:\/\/baluefruits.com\/fr\/author\/panterwebsgmail-com\/\"}]}<\/script>\n<!-- \/ Yoast SEO plugin. -->","yoast_head_json":{"title":"Oli d\u2019oliva arbequina a l\u2019engr\u00f2s \u2013 L\u2019or verd de Lleida al teu abast - Balue Fruits","description":"si busques oli d\u2019oliva a l\u2019engr\u00f2s amb l'aut\u00e8ntic sabor de l'oliva arbequina has arribat al lloc adequat. T'esperem a Balu\u00e9 Fruits.","robots":{"index":"index","follow":"follow","max-snippet":"max-snippet:-1","max-image-preview":"max-image-preview:large","max-video-preview":"max-video-preview:-1"},"canonical":"https:\/\/baluefruits.com\/fr\/oli-doliva-arbequina-a-lengros-lor-verd-de-lleida-al-teu-abast\/","og_locale":"fr_FR","og_type":"article","og_title":"Oli d\u2019oliva arbequina a l\u2019engr\u00f2s \u2013 L\u2019or verd de Lleida al teu abast - Balue Fruits","og_description":"si busques oli d\u2019oliva a l\u2019engr\u00f2s amb l'aut\u00e8ntic sabor de l'oliva arbequina has arribat al lloc adequat. T'esperem a Balu\u00e9 Fruits.","og_url":"https:\/\/baluefruits.com\/fr\/oli-doliva-arbequina-a-lengros-lor-verd-de-lleida-al-teu-abast\/","og_site_name":"Balue Fruits","article_published_time":"2025-08-18T08:04:30+00:00","article_modified_time":"2025-09-16T08:16:48+00:00","og_image":[{"width":1200,"height":750,"url":"https:\/\/baluefruits.com\/wp-content\/uploads\/2025\/09\/oli-doliva-a-lengros-1.jpg","type":"image\/jpeg"}],"author":"panterwebs@gmail.com","twitter_card":"summary_large_image","twitter_misc":{"\u00c9crit par":"panterwebs@gmail.com","Dur\u00e9e de lecture estim\u00e9e":"4 minutes"},"schema":{"@context":"https:\/\/schema.org","@graph":[{"@type":"WebPage","@id":"https:\/\/baluefruits.com\/oli-doliva-arbequina-a-lengros-lor-verd-de-lleida-al-teu-abast\/","url":"https:\/\/baluefruits.com\/oli-doliva-arbequina-a-lengros-lor-verd-de-lleida-al-teu-abast\/","name":"Oli d\u2019oliva arbequina a l\u2019engr\u00f2s \u2013 L\u2019or verd de Lleida al teu abast - Balue Fruits","isPartOf":{"@id":"https:\/\/baluefruits.com\/#website"},"primaryImageOfPage":{"@id":"https:\/\/baluefruits.com\/oli-doliva-arbequina-a-lengros-lor-verd-de-lleida-al-teu-abast\/#primaryimage"},"image":{"@id":"https:\/\/baluefruits.com\/oli-doliva-arbequina-a-lengros-lor-verd-de-lleida-al-teu-abast\/#primaryimage"},"thumbnailUrl":"https:\/\/baluefruits.com\/wp-content\/uploads\/2025\/09\/oli-doliva-a-lengros-1.jpg","datePublished":"2025-08-18T08:04:30+00:00","dateModified":"2025-09-16T08:16:48+00:00","author":{"@id":"https:\/\/baluefruits.com\/#\/schema\/person\/eed3cb366c55cee998358d491cec205e"},"description":"si busques oli d\u2019oliva a l\u2019engr\u00f2s amb l'aut\u00e8ntic sabor de l'oliva arbequina has arribat al lloc adequat. T'esperem a Balu\u00e9 Fruits.","breadcrumb":{"@id":"https:\/\/baluefruits.com\/oli-doliva-arbequina-a-lengros-lor-verd-de-lleida-al-teu-abast\/#breadcrumb"},"inLanguage":"fr-FR","potentialAction":[{"@type":"ReadAction","target":["https:\/\/baluefruits.com\/oli-doliva-arbequina-a-lengros-lor-verd-de-lleida-al-teu-abast\/"]}]},{"@type":"ImageObject","inLanguage":"fr-FR","@id":"https:\/\/baluefruits.com\/oli-doliva-arbequina-a-lengros-lor-verd-de-lleida-al-teu-abast\/#primaryimage","url":"https:\/\/baluefruits.com\/wp-content\/uploads\/2025\/09\/oli-doliva-a-lengros-1.jpg","contentUrl":"https:\/\/baluefruits.com\/wp-content\/uploads\/2025\/09\/oli-doliva-a-lengros-1.jpg","width":1200,"height":750,"caption":"oliva arbequina"},{"@type":"BreadcrumbList","@id":"https:\/\/baluefruits.com\/oli-doliva-arbequina-a-lengros-lor-verd-de-lleida-al-teu-abast\/#breadcrumb","itemListElement":[{"@type":"ListItem","position":1,"name":"Portada","item":"https:\/\/baluefruits.com\/"},{"@type":"ListItem","position":2,"name":"Oli d\u2019oliva arbequina a l\u2019engr\u00f2s \u2013 L\u2019or verd de Lleida al teu abast"}]},{"@type":"WebSite","@id":"https:\/\/baluefruits.com\/#website","url":"https:\/\/baluefruits.com\/","name":"Fruits de Balue","description":"Produits agricoles de qualit\u00e9 \u00e0 Lleida","potentialAction":[{"@type":"SearchAction","target":{"@type":"EntryPoint","urlTemplate":"https:\/\/baluefruits.com\/?s={search_term_string}"},"query-input":{"@type":"PropertyValueSpecification","valueRequired":true,"valueName":"search_term_string"}}],"inLanguage":"fr-FR"},{"@type":"Person","@id":"https:\/\/baluefruits.com\/#\/schema\/person\/eed3cb366c55cee998358d491cec205e","name":"panterwebs@gmail.com","sameAs":["https:\/\/baluefruits.com"],"url":"https:\/\/baluefruits.com\/fr\/author\/panterwebsgmail-com\/"}]}},"_links":{"self":[{"href":"https:\/\/baluefruits.com\/fr\/wp-json\/wp\/v2\/posts\/913","targetHints":{"allow":["GET"]}}],"collection":[{"href":"https:\/\/baluefruits.com\/fr\/wp-json\/wp\/v2\/posts"}],"about":[{"href":"https:\/\/baluefruits.com\/fr\/wp-json\/wp\/v2\/types\/post"}],"author":[{"embeddable":true,"href":"https:\/\/baluefruits.com\/fr\/wp-json\/wp\/v2\/users\/1"}],"replies":[{"embeddable":true,"href":"https:\/\/baluefruits.com\/fr\/wp-json\/wp\/v2\/comments?post=913"}],"version-history":[{"count":1,"href":"https:\/\/baluefruits.com\/fr\/wp-json\/wp\/v2\/posts\/913\/revisions"}],"predecessor-version":[{"id":918,"href":"https:\/\/baluefruits.com\/fr\/wp-json\/wp\/v2\/posts\/913\/revisions\/918"}],"wp:featuredmedia":[{"embeddable":true,"href":"https:\/\/baluefruits.com\/fr\/wp-json\/wp\/v2\/media\/916"}],"wp:attachment":[{"href":"https:\/\/baluefruits.com\/fr\/wp-json\/wp\/v2\/media?parent=913"}],"wp:term":[{"taxonomy":"category","embeddable":true,"href":"https:\/\/baluefruits.com\/fr\/wp-json\/wp\/v2\/categories?post=913"},{"taxonomy":"post_tag","embeddable":true,"href":"https:\/\/baluefruits.com\/fr\/wp-json\/wp\/v2\/tags?post=913"}],"curies":[{"name":"wp","href":"https:\/\/api.w.org\/{rel}","templated":true}]}}