{"id":907,"date":"2025-08-04T09:48:03","date_gmt":"2025-08-04T07:48:03","guid":{"rendered":"https:\/\/baluefruits.com\/?p=907"},"modified":"2025-09-16T10:03:01","modified_gmt":"2025-09-16T08:03:01","slug":"assaboreix-lautentic-gust-de-la-terra-amb-la-fruita-de-lleida","status":"publish","type":"post","link":"https:\/\/baluefruits.com\/fr\/assaboreix-lautentic-gust-de-la-terra-amb-la-fruita-de-lleida\/","title":{"rendered":"Savourez le go\u00fbt authentique de la terre avec les fruits de Lleida"},"content":{"rendered":"<h1 class=\"wp-block-heading\"><strong>La force d&#039;un territoire agricole riche et diversifi\u00e9<\/strong><\/h1>\n\n\n\n<p>Quand on pense aux produits frais et naturels, <strong><a href=\"https:\/\/baluefruits.com\/fr\/fruita-de-lleida\/\">fruits de Lleida<\/a><\/strong> est une r\u00e9f\u00e9rence incontestable. Situ\u00e9e au c\u0153ur de la Catalogne, cette r\u00e9gion se distingue par ses terres fertiles et son climat qui allie hivers froids et \u00e9t\u00e9s chauds. Ce contraste, combin\u00e9 \u00e0 l&#039;exp\u00e9rience accumul\u00e9e par des g\u00e9n\u00e9rations d&#039;agriculteurs, fait que chaque fruit qui y est cultiv\u00e9 est reconnu pour sa qualit\u00e9 et sa saveur. Mais derri\u00e8re ce prestige se cache bien plus encore\u00a0: une histoire agricole, une culture du travail constant et un mod\u00e8le de production qui a su s&#039;adapter aux d\u00e9fis du march\u00e9 actuel.<\/p>\n\n\n\n<figure class=\"wp-block-image size-large\"><img fetchpriority=\"high\" decoding=\"async\" width=\"1024\" height=\"640\" src=\"https:\/\/baluefruits.com\/wp-content\/uploads\/2025\/09\/fruita-de-Lleida-3-1024x640.jpg\" alt=\"presseguers lleida\" class=\"wp-image-908\" srcset=\"https:\/\/baluefruits.com\/wp-content\/uploads\/2025\/09\/fruita-de-Lleida-3-1024x640.jpg 1024w, https:\/\/baluefruits.com\/wp-content\/uploads\/2025\/09\/fruita-de-Lleida-3-300x188.jpg 300w, https:\/\/baluefruits.com\/wp-content\/uploads\/2025\/09\/fruita-de-Lleida-3-768x480.jpg 768w, https:\/\/baluefruits.com\/wp-content\/uploads\/2025\/09\/fruita-de-Lleida-3-18x12.jpg 18w, https:\/\/baluefruits.com\/wp-content\/uploads\/2025\/09\/fruita-de-Lleida-3.jpg 1200w\" sizes=\"(max-width: 1024px) 100vw, 1024px\" \/><\/figure>\n\n\n\n<p>L\u00e9rida est connue comme la \u00ab capitale des fruits sucr\u00e9s \u00bb. Les r\u00e9gions du Segri\u00e0, de la Noguera, de l&#039;Urgell et du Pla d&#039;Urgell concentrent des milliers d&#039;hectares consacr\u00e9s \u00e0 la culture des arbres fruitiers. Les conditions naturelles y sont exceptionnelles\u00a0:<\/p>\n\n\n\n<ul class=\"wp-block-list\">\n<li>Climat continental avec influence m\u00e9diterran\u00e9enne : nuits fra\u00eeches et journ\u00e9es ensoleill\u00e9es qui favorisent la formation de sucres naturels.<br><\/li>\n\n\n\n<li>Irrigation efficace gr\u00e2ce au canal d&#039;Urgell et \u00e0 d&#039;autres syst\u00e8mes hydrauliques historiques qui ont transform\u00e9 la productivit\u00e9 agricole.<br><\/li>\n\n\n\n<li>Des vari\u00e9t\u00e9s adapt\u00e9es qui r\u00e9pondent \u00e0 la demande des consommateurs europ\u00e9ens, mais qui conservent l\u2019essence de la saveur authentique.<\/li>\n<\/ul>\n\n\n\n<p>Cet ensemble de facteurs explique pourquoi la <strong>fruits de Lleida<\/strong> Il a une douceur et une texture si caract\u00e9ristiques.<\/p>\n\n\n\n<h2 class=\"wp-block-heading\"><strong>Diversit\u00e9 des produits tout au long de l&#039;ann\u00e9e<\/strong><\/h2>\n\n\n\n<p>L&#039;un des grands atouts de Lleida r\u00e9side dans son calendrier de production \u00e9tendu, qui garantit un flux constant de fruits de saison pour les march\u00e9s et les distributeurs\u00a0:<\/p>\n\n\n\n<ul class=\"wp-block-list\">\n<li>Printemps et \u00e9t\u00e9 : p\u00eaches, nectarines, abricots et paraguayens.<br><\/li>\n\n\n\n<li>Fin de l&#039;\u00e9t\u00e9 et automne : poires et pommes.<br><\/li>\n\n\n\n<li>Automne : Vari\u00e9t\u00e9s sp\u00e9cifiques.<br><\/li>\n<\/ul>\n\n\n\n<p>Chaque vari\u00e9t\u00e9 s&#039;adapte \u00e0 des p\u00e9riodes de r\u00e9colte diff\u00e9rentes, ce qui permet de maintenir un approvisionnement continu et de r\u00e9duire la d\u00e9pendance aux importations.<\/p>\n\n\n\n<figure class=\"wp-block-image size-large\"><img decoding=\"async\" width=\"1024\" height=\"640\" src=\"https:\/\/baluefruits.com\/wp-content\/uploads\/2025\/09\/fruita-de-Lleida-1-1024x640.jpg\" alt=\"pr\u00e9ssec\" class=\"wp-image-910\" srcset=\"https:\/\/baluefruits.com\/wp-content\/uploads\/2025\/09\/fruita-de-Lleida-1-1024x640.jpg 1024w, https:\/\/baluefruits.com\/wp-content\/uploads\/2025\/09\/fruita-de-Lleida-1-300x188.jpg 300w, https:\/\/baluefruits.com\/wp-content\/uploads\/2025\/09\/fruita-de-Lleida-1-768x480.jpg 768w, https:\/\/baluefruits.com\/wp-content\/uploads\/2025\/09\/fruita-de-Lleida-1-18x12.jpg 18w, https:\/\/baluefruits.com\/wp-content\/uploads\/2025\/09\/fruita-de-Lleida-1.jpg 1200w\" sizes=\"(max-width: 1024px) 100vw, 1024px\" \/><\/figure>\n\n\n\n<h2 class=\"wp-block-heading\"><strong>Un engagement qualit\u00e9 et tra\u00e7abilit\u00e9<\/strong><\/h2>\n\n\n\n<p>Le <strong><a href=\"https:\/\/baluefruits.com\/fr\/productor-de-fruita-dolca\/\">fruits de Lleida<\/a><\/strong> Il se distingue non seulement par son go\u00fbt, mais aussi par les exigences de ses proc\u00e9d\u00e9s de production. Nos fermes et entreprises du secteur appliquent des syst\u00e8mes de contr\u00f4le qualit\u00e9 rigoureux\u00a0:<\/p>\n\n\n\n<ul class=\"wp-block-list\">\n<li>Contr\u00f4les constants de l&#039;\u00e9tat de maturit\u00e9 et de la taille des fruits.<br><\/li>\n\n\n\n<li>Des certifications qui garantissent des pratiques agricoles respectueuses de l&#039;environnement.<br><\/li>\n\n\n\n<li>Tra\u00e7abilit\u00e9 compl\u00e8te depuis l&#039;origine jusqu&#039;au carton final qui arrive dans les supermarch\u00e9s ou les magasins.<br><\/li>\n<\/ul>\n\n\n\n<p>Cet engagement nous permet de rivaliser sur les march\u00e9s internationaux et de consolider Lleida comme un territoire de confiance.<\/p>\n\n\n\n<h3 class=\"wp-block-heading\"><strong>Les fruits comme patrimoine culturel et \u00e9conomique<\/strong><\/h3>\n\n\n\n<p>La production fruiti\u00e8re n&#039;est pas seulement une activit\u00e9 \u00e9conomique. \u00c0 L\u00e9rida, elle fait partie int\u00e9grante de l&#039;identit\u00e9 collective. Foires agricoles, routes de la floraison printani\u00e8re et coop\u00e9ratives de producteurs illustrent la mani\u00e8re dont ce secteur fa\u00e7onne la vie sociale et culturelle du territoire. De plus, il g\u00e9n\u00e8re des milliers d&#039;emplois et stimule les exportations catalanes vers des march\u00e9s comme la France, l&#039;Italie, l&#039;Allemagne et les pays nordiques.<\/p>\n\n\n\n<figure class=\"wp-block-image size-large\"><img decoding=\"async\" width=\"1024\" height=\"640\" src=\"https:\/\/baluefruits.com\/wp-content\/uploads\/2025\/09\/fruita-de-Lleida-1024x640.jpg\" alt=\"peres\" class=\"wp-image-911\" srcset=\"https:\/\/baluefruits.com\/wp-content\/uploads\/2025\/09\/fruita-de-Lleida-1024x640.jpg 1024w, https:\/\/baluefruits.com\/wp-content\/uploads\/2025\/09\/fruita-de-Lleida-300x188.jpg 300w, https:\/\/baluefruits.com\/wp-content\/uploads\/2025\/09\/fruita-de-Lleida-768x480.jpg 768w, https:\/\/baluefruits.com\/wp-content\/uploads\/2025\/09\/fruita-de-Lleida-18x12.jpg 18w, https:\/\/baluefruits.com\/wp-content\/uploads\/2025\/09\/fruita-de-Lleida.jpg 1200w\" sizes=\"(max-width: 1024px) 100vw, 1024px\" \/><\/figure>\n\n\n\n<h3 class=\"wp-block-heading\"><strong>Innovation et avenir du secteur<\/strong><\/h3>\n\n\n\n<p>Le secteur des fruits sucr\u00e9s conna\u00eet un processus constant d\u2019innovation :<\/p>\n\n\n\n<ul class=\"wp-block-list\">\n<li>Nouvelles vari\u00e9t\u00e9s cr\u00e9\u00e9es pour offrir plus de douceur, une meilleure conservation et une r\u00e9sistance aux maladies.<br><\/li>\n\n\n\n<li>Technologie agricole : capteurs, irrigation intelligente et machines avanc\u00e9es pour r\u00e9duire les co\u00fbts et optimiser les ressources.<br><\/li>\n\n\n\n<li>Durabilit\u00e9 : De plus en plus d\u2019exploitations agricoles mettent en \u0153uvre des pratiques respectueuses de l\u2019environnement, r\u00e9duisent l\u2019utilisation de produits chimiques et favorisent la biodiversit\u00e9.<br><\/li>\n<\/ul>\n\n\n\n<p>Le <strong><a href=\"https:\/\/baluefruits.com\/fr\/lencant-de-la-fruita-dolca-com-triar-i-gaudir-del-millor-de-cada-temporada\/\">fruits de Lleida<\/a><\/strong> est bien plus qu&#039;un produit frais\u00a0: c&#039;est une histoire, un paysage et une innovation. Sa r\u00e9putation internationale ne s&#039;explique pas seulement par la douceur d&#039;une p\u00eache ou la fra\u00eecheur d&#039;une pomme, mais par l&#039;alliance de la tradition agricole, de la qualit\u00e9 certifi\u00e9e et de la capacit\u00e9 d&#039;adaptation aux temps modernes. Miser sur<strong> fruits de Lleida<\/strong> C&#039;est reconna\u00eetre la valeur d&#039;une terre qui travaille jour apr\u00e8s jour pour offrir au monde le meilleur de ses champs.<\/p>","protected":false},"excerpt":{"rendered":"<p>La for\u00e7a d\u2019un territori agr\u00edcola ric i divers Quan pensem en productes frescos i naturals, la fruita de Lleida \u00e9s un referent inq\u00fcestionable. Situada al cor de Catalunya, aquesta regi\u00f3 destaca per les seves terres f\u00e8rtils i un clima que combina hiverns freds i estius calorosos. Aquest contrast, juntament amb l\u2019experi\u00e8ncia acumulada de generacions de [&hellip;]<\/p>","protected":false},"author":1,"featured_media":909,"comment_status":"closed","ping_status":"closed","sticky":false,"template":"","format":"standard","meta":{"footnotes":""},"categories":[1,13],"tags":[17],"class_list":["post-907","post","type-post","status-publish","format-standard","has-post-thumbnail","hentry","category-blog","category-fruita-dolca","tag-fruita-de-lleida"],"yoast_head":"<!-- This site is optimized with the Yoast SEO plugin v26.3 - https:\/\/yoast.com\/wordpress\/plugins\/seo\/ -->\n<title>Assaboreix l\u2019aut\u00e8ntic gust de la terra amb la fruita de Lleida - Balue Fruits<\/title>\n<meta name=\"description\" content=\"Descobreix el sabor \u00fanic de la fruita dol\u00e7a amb Balu\u00e9 Fruits. Som especialistas en la venda a l&#039;engr\u00f2s de fruita i oli d&#039;oliva.\" \/>\n<meta name=\"robots\" content=\"index, follow, max-snippet:-1, max-image-preview:large, max-video-preview:-1\" \/>\n<link rel=\"canonical\" href=\"https:\/\/baluefruits.com\/fr\/assaboreix-lautentic-gust-de-la-terra-amb-la-fruita-de-lleida\/\" \/>\n<meta property=\"og:locale\" content=\"fr_FR\" \/>\n<meta property=\"og:type\" content=\"article\" \/>\n<meta property=\"og:title\" content=\"Assaboreix l\u2019aut\u00e8ntic gust de la terra amb la fruita de Lleida - Balue Fruits\" \/>\n<meta property=\"og:description\" content=\"Descobreix el sabor \u00fanic de la fruita dol\u00e7a amb Balu\u00e9 Fruits. Som especialistas en la venda a l&#039;engr\u00f2s de fruita i oli d&#039;oliva.\" \/>\n<meta property=\"og:url\" content=\"https:\/\/baluefruits.com\/fr\/assaboreix-lautentic-gust-de-la-terra-amb-la-fruita-de-lleida\/\" \/>\n<meta property=\"og:site_name\" content=\"Balue Fruits\" \/>\n<meta property=\"article:published_time\" content=\"2025-08-04T07:48:03+00:00\" \/>\n<meta property=\"article:modified_time\" content=\"2025-09-16T08:03:01+00:00\" \/>\n<meta property=\"og:image\" content=\"https:\/\/baluefruits.com\/wp-content\/uploads\/2025\/09\/fruita-de-Lleida-2.jpg\" \/>\n\t<meta property=\"og:image:width\" content=\"1200\" \/>\n\t<meta property=\"og:image:height\" content=\"750\" \/>\n\t<meta property=\"og:image:type\" content=\"image\/jpeg\" \/>\n<meta name=\"author\" content=\"panterwebs@gmail.com\" \/>\n<meta name=\"twitter:card\" content=\"summary_large_image\" \/>\n<meta name=\"twitter:label1\" content=\"\u00c9crit par\" \/>\n\t<meta name=\"twitter:data1\" content=\"panterwebs@gmail.com\" \/>\n\t<meta name=\"twitter:label2\" content=\"Dur\u00e9e de lecture estim\u00e9e\" \/>\n\t<meta name=\"twitter:data2\" content=\"4 minutes\" \/>\n<script type=\"application\/ld+json\" class=\"yoast-schema-graph\">{\"@context\":\"https:\/\/schema.org\",\"@graph\":[{\"@type\":\"WebPage\",\"@id\":\"https:\/\/baluefruits.com\/assaboreix-lautentic-gust-de-la-terra-amb-la-fruita-de-lleida\/\",\"url\":\"https:\/\/baluefruits.com\/assaboreix-lautentic-gust-de-la-terra-amb-la-fruita-de-lleida\/\",\"name\":\"Assaboreix l\u2019aut\u00e8ntic gust de la terra amb la fruita de Lleida - Balue Fruits\",\"isPartOf\":{\"@id\":\"https:\/\/baluefruits.com\/#website\"},\"primaryImageOfPage\":{\"@id\":\"https:\/\/baluefruits.com\/assaboreix-lautentic-gust-de-la-terra-amb-la-fruita-de-lleida\/#primaryimage\"},\"image\":{\"@id\":\"https:\/\/baluefruits.com\/assaboreix-lautentic-gust-de-la-terra-amb-la-fruita-de-lleida\/#primaryimage\"},\"thumbnailUrl\":\"https:\/\/baluefruits.com\/wp-content\/uploads\/2025\/09\/fruita-de-Lleida-2.jpg\",\"datePublished\":\"2025-08-04T07:48:03+00:00\",\"dateModified\":\"2025-09-16T08:03:01+00:00\",\"author\":{\"@id\":\"https:\/\/baluefruits.com\/#\/schema\/person\/eed3cb366c55cee998358d491cec205e\"},\"description\":\"Descobreix el sabor \u00fanic de la fruita dol\u00e7a amb Balu\u00e9 Fruits. Som especialistas en la venda a l'engr\u00f2s de fruita i oli d'oliva.\",\"breadcrumb\":{\"@id\":\"https:\/\/baluefruits.com\/assaboreix-lautentic-gust-de-la-terra-amb-la-fruita-de-lleida\/#breadcrumb\"},\"inLanguage\":\"fr-FR\",\"potentialAction\":[{\"@type\":\"ReadAction\",\"target\":[\"https:\/\/baluefruits.com\/assaboreix-lautentic-gust-de-la-terra-amb-la-fruita-de-lleida\/\"]}]},{\"@type\":\"ImageObject\",\"inLanguage\":\"fr-FR\",\"@id\":\"https:\/\/baluefruits.com\/assaboreix-lautentic-gust-de-la-terra-amb-la-fruita-de-lleida\/#primaryimage\",\"url\":\"https:\/\/baluefruits.com\/wp-content\/uploads\/2025\/09\/fruita-de-Lleida-2.jpg\",\"contentUrl\":\"https:\/\/baluefruits.com\/wp-content\/uploads\/2025\/09\/fruita-de-Lleida-2.jpg\",\"width\":1200,\"height\":750,\"caption\":\"camp lleida\"},{\"@type\":\"BreadcrumbList\",\"@id\":\"https:\/\/baluefruits.com\/assaboreix-lautentic-gust-de-la-terra-amb-la-fruita-de-lleida\/#breadcrumb\",\"itemListElement\":[{\"@type\":\"ListItem\",\"position\":1,\"name\":\"Portada\",\"item\":\"https:\/\/baluefruits.com\/\"},{\"@type\":\"ListItem\",\"position\":2,\"name\":\"Assaboreix l\u2019aut\u00e8ntic gust de la terra amb la fruita de Lleida\"}]},{\"@type\":\"WebSite\",\"@id\":\"https:\/\/baluefruits.com\/#website\",\"url\":\"https:\/\/baluefruits.com\/\",\"name\":\"Balue Fruits\",\"description\":\"Productes agr\u00edcoles de qualitat a Lleida\",\"potentialAction\":[{\"@type\":\"SearchAction\",\"target\":{\"@type\":\"EntryPoint\",\"urlTemplate\":\"https:\/\/baluefruits.com\/?s={search_term_string}\"},\"query-input\":{\"@type\":\"PropertyValueSpecification\",\"valueRequired\":true,\"valueName\":\"search_term_string\"}}],\"inLanguage\":\"fr-FR\"},{\"@type\":\"Person\",\"@id\":\"https:\/\/baluefruits.com\/#\/schema\/person\/eed3cb366c55cee998358d491cec205e\",\"name\":\"panterwebs@gmail.com\",\"sameAs\":[\"https:\/\/baluefruits.com\"],\"url\":\"https:\/\/baluefruits.com\/fr\/author\/panterwebsgmail-com\/\"}]}<\/script>\n<!-- \/ Yoast SEO plugin. -->","yoast_head_json":{"title":"Assaboreix l\u2019aut\u00e8ntic gust de la terra amb la fruita de Lleida - Balue Fruits","description":"Descobreix el sabor \u00fanic de la fruita dol\u00e7a amb Balu\u00e9 Fruits. Som especialistas en la venda a l'engr\u00f2s de fruita i oli d'oliva.","robots":{"index":"index","follow":"follow","max-snippet":"max-snippet:-1","max-image-preview":"max-image-preview:large","max-video-preview":"max-video-preview:-1"},"canonical":"https:\/\/baluefruits.com\/fr\/assaboreix-lautentic-gust-de-la-terra-amb-la-fruita-de-lleida\/","og_locale":"fr_FR","og_type":"article","og_title":"Assaboreix l\u2019aut\u00e8ntic gust de la terra amb la fruita de Lleida - Balue Fruits","og_description":"Descobreix el sabor \u00fanic de la fruita dol\u00e7a amb Balu\u00e9 Fruits. Som especialistas en la venda a l'engr\u00f2s de fruita i oli d'oliva.","og_url":"https:\/\/baluefruits.com\/fr\/assaboreix-lautentic-gust-de-la-terra-amb-la-fruita-de-lleida\/","og_site_name":"Balue Fruits","article_published_time":"2025-08-04T07:48:03+00:00","article_modified_time":"2025-09-16T08:03:01+00:00","og_image":[{"width":1200,"height":750,"url":"https:\/\/baluefruits.com\/wp-content\/uploads\/2025\/09\/fruita-de-Lleida-2.jpg","type":"image\/jpeg"}],"author":"panterwebs@gmail.com","twitter_card":"summary_large_image","twitter_misc":{"\u00c9crit par":"panterwebs@gmail.com","Dur\u00e9e de lecture estim\u00e9e":"4 minutes"},"schema":{"@context":"https:\/\/schema.org","@graph":[{"@type":"WebPage","@id":"https:\/\/baluefruits.com\/assaboreix-lautentic-gust-de-la-terra-amb-la-fruita-de-lleida\/","url":"https:\/\/baluefruits.com\/assaboreix-lautentic-gust-de-la-terra-amb-la-fruita-de-lleida\/","name":"Assaboreix l\u2019aut\u00e8ntic gust de la terra amb la fruita de Lleida - Balue Fruits","isPartOf":{"@id":"https:\/\/baluefruits.com\/#website"},"primaryImageOfPage":{"@id":"https:\/\/baluefruits.com\/assaboreix-lautentic-gust-de-la-terra-amb-la-fruita-de-lleida\/#primaryimage"},"image":{"@id":"https:\/\/baluefruits.com\/assaboreix-lautentic-gust-de-la-terra-amb-la-fruita-de-lleida\/#primaryimage"},"thumbnailUrl":"https:\/\/baluefruits.com\/wp-content\/uploads\/2025\/09\/fruita-de-Lleida-2.jpg","datePublished":"2025-08-04T07:48:03+00:00","dateModified":"2025-09-16T08:03:01+00:00","author":{"@id":"https:\/\/baluefruits.com\/#\/schema\/person\/eed3cb366c55cee998358d491cec205e"},"description":"Descobreix el sabor \u00fanic de la fruita dol\u00e7a amb Balu\u00e9 Fruits. Som especialistas en la venda a l'engr\u00f2s de fruita i oli d'oliva.","breadcrumb":{"@id":"https:\/\/baluefruits.com\/assaboreix-lautentic-gust-de-la-terra-amb-la-fruita-de-lleida\/#breadcrumb"},"inLanguage":"fr-FR","potentialAction":[{"@type":"ReadAction","target":["https:\/\/baluefruits.com\/assaboreix-lautentic-gust-de-la-terra-amb-la-fruita-de-lleida\/"]}]},{"@type":"ImageObject","inLanguage":"fr-FR","@id":"https:\/\/baluefruits.com\/assaboreix-lautentic-gust-de-la-terra-amb-la-fruita-de-lleida\/#primaryimage","url":"https:\/\/baluefruits.com\/wp-content\/uploads\/2025\/09\/fruita-de-Lleida-2.jpg","contentUrl":"https:\/\/baluefruits.com\/wp-content\/uploads\/2025\/09\/fruita-de-Lleida-2.jpg","width":1200,"height":750,"caption":"camp lleida"},{"@type":"BreadcrumbList","@id":"https:\/\/baluefruits.com\/assaboreix-lautentic-gust-de-la-terra-amb-la-fruita-de-lleida\/#breadcrumb","itemListElement":[{"@type":"ListItem","position":1,"name":"Portada","item":"https:\/\/baluefruits.com\/"},{"@type":"ListItem","position":2,"name":"Assaboreix l\u2019aut\u00e8ntic gust de la terra amb la fruita de Lleida"}]},{"@type":"WebSite","@id":"https:\/\/baluefruits.com\/#website","url":"https:\/\/baluefruits.com\/","name":"Fruits de Balue","description":"Produits agricoles de qualit\u00e9 \u00e0 Lleida","potentialAction":[{"@type":"SearchAction","target":{"@type":"EntryPoint","urlTemplate":"https:\/\/baluefruits.com\/?s={search_term_string}"},"query-input":{"@type":"PropertyValueSpecification","valueRequired":true,"valueName":"search_term_string"}}],"inLanguage":"fr-FR"},{"@type":"Person","@id":"https:\/\/baluefruits.com\/#\/schema\/person\/eed3cb366c55cee998358d491cec205e","name":"panterwebs@gmail.com","sameAs":["https:\/\/baluefruits.com"],"url":"https:\/\/baluefruits.com\/fr\/author\/panterwebsgmail-com\/"}]}},"_links":{"self":[{"href":"https:\/\/baluefruits.com\/fr\/wp-json\/wp\/v2\/posts\/907","targetHints":{"allow":["GET"]}}],"collection":[{"href":"https:\/\/baluefruits.com\/fr\/wp-json\/wp\/v2\/posts"}],"about":[{"href":"https:\/\/baluefruits.com\/fr\/wp-json\/wp\/v2\/types\/post"}],"author":[{"embeddable":true,"href":"https:\/\/baluefruits.com\/fr\/wp-json\/wp\/v2\/users\/1"}],"replies":[{"embeddable":true,"href":"https:\/\/baluefruits.com\/fr\/wp-json\/wp\/v2\/comments?post=907"}],"version-history":[{"count":1,"href":"https:\/\/baluefruits.com\/fr\/wp-json\/wp\/v2\/posts\/907\/revisions"}],"predecessor-version":[{"id":912,"href":"https:\/\/baluefruits.com\/fr\/wp-json\/wp\/v2\/posts\/907\/revisions\/912"}],"wp:featuredmedia":[{"embeddable":true,"href":"https:\/\/baluefruits.com\/fr\/wp-json\/wp\/v2\/media\/909"}],"wp:attachment":[{"href":"https:\/\/baluefruits.com\/fr\/wp-json\/wp\/v2\/media?parent=907"}],"wp:term":[{"taxonomy":"category","embeddable":true,"href":"https:\/\/baluefruits.com\/fr\/wp-json\/wp\/v2\/categories?post=907"},{"taxonomy":"post_tag","embeddable":true,"href":"https:\/\/baluefruits.com\/fr\/wp-json\/wp\/v2\/tags?post=907"}],"curies":[{"name":"wp","href":"https:\/\/api.w.org\/{rel}","templated":true}]}}