{"id":1446,"date":"2026-04-27T11:25:09","date_gmt":"2026-04-27T09:25:09","guid":{"rendered":"https:\/\/baluefruits.com\/?p=1446"},"modified":"2026-04-27T11:25:10","modified_gmt":"2026-04-27T09:25:10","slug":"el-valor-estrategic-de-la-cadena-agroalimentaria-en-loli-doliva-premium","status":"publish","type":"post","link":"https:\/\/baluefruits.com\/fr\/el-valor-estrategic-de-la-cadena-agroalimentaria-en-loli-doliva-premium\/","title":{"rendered":"El valor estrat\u00e8gic de la cadena agroaliment\u00e0ria en l\u2019oli d\u2019oliva premium"},"content":{"rendered":"<h2 class=\"wp-block-heading\">Qualitat, sostenibilitat i tra\u00e7abilitat en el paper del <strong>prove\u00efdor d\u2019oli d\u2019oliva verge extra<\/strong><\/h2>\n\n\n\n<p>El sector de l\u2019oli d\u2019oliva ha experimentat una transformaci\u00f3 profunda en les darreres d\u00e8cades. Ja no es tracta nom\u00e9s d\u2019un producte b\u00e0sic dins la dieta mediterr\u00e0nia, sin\u00f3 d\u2019un aliment gourmet amb una forta pres\u00e8ncia en mercats internacionals exigents. En aquest context, la figura del <strong><a href=\"https:\/\/baluefruits.com\/fr\/proveidor-doli-doliva-verge-extra-a-lleida\/\">prove\u00efdor d\u2019oli d\u2019oliva verge extra a Lleida<\/a><\/strong> ha esdevingut essencial per garantir la qualitat, la coher\u00e8ncia del producte i la confian\u00e7a del consumidor final.<\/p>\n\n\n\n<p>Empreses com Balu\u00e9 Fruits, que treballen dins l\u2019\u00e0mbit agroalimentari amb una visi\u00f3 integral, entenen que el valor no nom\u00e9s est\u00e0 en la producci\u00f3, sin\u00f3 en tota la cadena: des de l\u2019olivera fins al punt de consum. El paper del <strong>prove\u00efdor d\u2019oli d\u2019oliva verge extra<\/strong> \u00e9s precisament aquest: coordinar, seleccionar i assegurar que cada lot compleixi uns est\u00e0ndards elevats de qualitat i autenticitat.<\/p>\n\n\n\n<figure class=\"wp-block-image aligncenter size-large\"><img fetchpriority=\"high\" decoding=\"async\" width=\"1024\" height=\"640\" src=\"https:\/\/baluefruits.com\/wp-content\/uploads\/2026\/04\/Proveidor-doli-doliva-verge-extra-a-Lleida-2-1-1024x640.png\" alt=\"Ampolles d\u2019oli d\u2019oliva verge extra ordenades en palets de transport\" class=\"wp-image-1447\" srcset=\"https:\/\/baluefruits.com\/wp-content\/uploads\/2026\/04\/Proveidor-doli-doliva-verge-extra-a-Lleida-2-1-1024x640.png 1024w, https:\/\/baluefruits.com\/wp-content\/uploads\/2026\/04\/Proveidor-doli-doliva-verge-extra-a-Lleida-2-1-300x188.png 300w, https:\/\/baluefruits.com\/wp-content\/uploads\/2026\/04\/Proveidor-doli-doliva-verge-extra-a-Lleida-2-1-768x480.png 768w, https:\/\/baluefruits.com\/wp-content\/uploads\/2026\/04\/Proveidor-doli-doliva-verge-extra-a-Lleida-2-1-18x12.png 18w, https:\/\/baluefruits.com\/wp-content\/uploads\/2026\/04\/Proveidor-doli-doliva-verge-extra-a-Lleida-2-1.png 1200w\" sizes=\"(max-width: 1024px) 100vw, 1024px\" \/><\/figure>\n\n\n\n<h2 class=\"wp-block-heading\">L\u2019origen com a clau de qualitat en el <strong>prove\u00efdor d\u2019oli d\u2019oliva verge extra<\/strong><\/h2>\n\n\n\n<p>Tot comen\u00e7a al camp. La qualitat de l\u2019oli dep\u00e8n directament de factors agron\u00f2mics com la varietat de l\u2019oliva, el moment de la collita i les condicions clim\u00e0tiques. Un bon <strong>prove\u00efdor d\u2019oli d\u2019oliva verge extra<\/strong> treballa amb productors que entenen la import\u00e0ncia de la maduraci\u00f3 \u00f2ptima del fruit, ja que aquest factor influeix directament en el sabor, l\u2019aroma i les propietats nutricionals.<\/p>\n\n\n\n<p>La recol\u00b7lecci\u00f3 primerenca, per exemple, pot donar lloc a olis m\u00e9s intensos i amb major contingut en polifenols, mentre que una collita m\u00e9s tardana aporta perfils m\u00e9s suaus. El coneixement d\u2019aquestes variables \u00e9s fonamental per a un <strong><a href=\"https:\/\/baluefruits.com\/fr\/proveidor-doli-doliva-verge-extra-a-lleida\/\">prove\u00efdor d\u2019oli d\u2019oliva verge extra<\/a><\/strong>, que ha de saber ajustar la selecci\u00f3 segons les necessitats del mercat.<\/p>\n\n\n\n<p>A m\u00e9s, el tractament immediat de l\u2019oliva despr\u00e9s de la collita \u00e9s essencial per evitar oxidacions. La rapidesa en el transport cap a l\u2019alm\u00e0ssera marca la difer\u00e8ncia entre un oli de qualitat superior i un de menor valor comercial.<\/p>\n\n\n\n<h2 class=\"wp-block-heading\">Control de qualitat i processos en el <strong>prove\u00efdor d\u2019oli d\u2019oliva verge extra<\/strong><\/h2>\n\n\n\n<p>El control de qualitat \u00e9s un dels pilars del sector. Un <strong>prove\u00efdor d\u2019oli d\u2019oliva verge extra<\/strong> no nom\u00e9s selecciona el producte, sin\u00f3 que supervisa tot el proc\u00e9s d\u2019elaboraci\u00f3. Aix\u00f2 inclou la molturaci\u00f3, la separaci\u00f3 del most, la decantaci\u00f3 i l\u2019emmagatzematge en condicions \u00f2ptimes.<\/p>\n\n\n\n<p>Els par\u00e0metres qu\u00edmics com l\u2019acidesa, els peroxids i els polifenols s\u00f3n indicadors clau per determinar la categoria de l\u2019oli. Nom\u00e9s aquells que compleixen els est\u00e0ndards m\u00e9s exigents poden ser considerats verge extra.<\/p>\n\n\n\n<p>En aquest sentit, el <strong>prove\u00efdor d\u2019oli d\u2019oliva verge extra<\/strong> actua com a garant de qualitat davant el client final. La seva funci\u00f3 \u00e9s assegurar que el producte mant\u00e9 les caracter\u00edstiques organol\u00e8ptiques que el fan \u00fanic: sabor afruitat, aroma fresc i equilibri entre amarg i picant.<\/p>\n\n\n\n<figure class=\"wp-block-image aligncenter size-large\"><img decoding=\"async\" width=\"1024\" height=\"640\" src=\"https:\/\/baluefruits.com\/wp-content\/uploads\/2026\/04\/Proveidor-doli-doliva-verge-extra-a-Lleida-3-1-1024x640.png\" alt=\"Lot d\u2019ampolles d\u2019oli d\u2019oliva verge extra per a venda majorista\" class=\"wp-image-1448\" srcset=\"https:\/\/baluefruits.com\/wp-content\/uploads\/2026\/04\/Proveidor-doli-doliva-verge-extra-a-Lleida-3-1-1024x640.png 1024w, https:\/\/baluefruits.com\/wp-content\/uploads\/2026\/04\/Proveidor-doli-doliva-verge-extra-a-Lleida-3-1-300x188.png 300w, https:\/\/baluefruits.com\/wp-content\/uploads\/2026\/04\/Proveidor-doli-doliva-verge-extra-a-Lleida-3-1-768x480.png 768w, https:\/\/baluefruits.com\/wp-content\/uploads\/2026\/04\/Proveidor-doli-doliva-verge-extra-a-Lleida-3-1-18x12.png 18w, https:\/\/baluefruits.com\/wp-content\/uploads\/2026\/04\/Proveidor-doli-doliva-verge-extra-a-Lleida-3-1.png 1200w\" sizes=\"(max-width: 1024px) 100vw, 1024px\" \/><\/figure>\n\n\n\n<h2 class=\"wp-block-heading\">Sostenibilitat i innovaci\u00f3 en el model del <strong>prove\u00efdor d\u2019oli d\u2019oliva verge extra<\/strong><\/h2>\n\n\n\n<p>La sostenibilitat \u00e9s un element clau en el futur del sector agroalimentari. Un <strong><a href=\"https:\/\/baluefruits.com\/fr\/proveidor-doli-doliva-verge-extra-a-lleida\/\">prove\u00efdor d\u2019oli d\u2019oliva verge extra<\/a><\/strong> modern ha d\u2019integrar pr\u00e0ctiques respectuoses amb el medi ambient en totes les fases del proc\u00e9s productiu.<\/p>\n\n\n\n<p>Aix\u00f2 inclou la reducci\u00f3 de l\u2019\u00fas d\u2019aigua, la gesti\u00f3 eficient dels residus de l\u2019alm\u00e0ssera i la implementaci\u00f3 de t\u00e8cniques de cultiu m\u00e9s sostenibles. L\u2019objectiu \u00e9s reduir l\u2019impacte ambiental sense comprometre la qualitat del producte.<\/p>\n\n\n\n<p>La innovaci\u00f3 tamb\u00e9 juga un paper important. L\u2019\u00fas de tecnologia en la tra\u00e7abilitat permet seguir cada lot d\u2019oli des del camp fins al consumidor final. Aix\u00f2 aporta transpar\u00e8ncia i refor\u00e7a la confian\u00e7a en el <strong>prove\u00efdor d\u2019oli d\u2019oliva verge extra<\/strong>, especialment en mercats internacionals on la certificaci\u00f3 \u00e9s un factor decisiu.<\/p>\n\n\n\n<h2 class=\"wp-block-heading\">Distribuci\u00f3 i mercats en el <strong>prove\u00efdor d\u2019oli d\u2019oliva verge extra<\/strong><\/h2>\n\n\n\n<p>La log\u00edstica \u00e9s un altre aspecte fonamental. L\u2019oli d\u2019oliva verge extra \u00e9s un producte que, tot i ser estable, requereix condicions adequades d\u2019emmagatzematge i transport per mantenir les seves propietats.<\/p>\n\n\n\n<p>Un <strong>prove\u00efdor d\u2019oli d\u2019oliva verge extra<\/strong> eficient ha de ser capa\u00e7 d\u2019adaptar-se a diferents canals de distribuci\u00f3: retail, restauraci\u00f3 i exportaci\u00f3. Cada canal t\u00e9 requisits espec\u00edfics en termes de format, volum i presentaci\u00f3.<\/p>\n\n\n\n<p>La capacitat d\u2019arribar a mercats internacionals tamb\u00e9 \u00e9s un factor clau de competitivitat. L\u2019oli d\u2019oliva \u00e9s molt valorat fora del pa\u00eds d\u2019origen, especialment en mercats on la dieta mediterr\u00e0nia es considera un referent de salut i qualitat de vida.<\/p>\n\n\n\n<figure class=\"wp-block-image aligncenter size-large\"><img decoding=\"async\" width=\"1024\" height=\"640\" src=\"https:\/\/baluefruits.com\/wp-content\/uploads\/2026\/04\/Proveidor-doli-doliva-verge-extra-a-Lleida-6-1024x640.png\" alt=\"Ampolles d\u2019oli d\u2019oliva verge extra preparades per a mercat internacional\" class=\"wp-image-1450\" srcset=\"https:\/\/baluefruits.com\/wp-content\/uploads\/2026\/04\/Proveidor-doli-doliva-verge-extra-a-Lleida-6-1024x640.png 1024w, https:\/\/baluefruits.com\/wp-content\/uploads\/2026\/04\/Proveidor-doli-doliva-verge-extra-a-Lleida-6-300x188.png 300w, https:\/\/baluefruits.com\/wp-content\/uploads\/2026\/04\/Proveidor-doli-doliva-verge-extra-a-Lleida-6-768x480.png 768w, https:\/\/baluefruits.com\/wp-content\/uploads\/2026\/04\/Proveidor-doli-doliva-verge-extra-a-Lleida-6-18x12.png 18w, https:\/\/baluefruits.com\/wp-content\/uploads\/2026\/04\/Proveidor-doli-doliva-verge-extra-a-Lleida-6.png 1200w\" sizes=\"(max-width: 1024px) 100vw, 1024px\" \/><\/figure>\n\n\n\n<h2 class=\"wp-block-heading\">El valor afegit del <strong>prove\u00efdor d\u2019oli d\u2019oliva verge extra<\/strong> en la cadena aliment\u00e0ria<\/h2>\n\n\n\n<p>El consumidor actual no nom\u00e9s compra un producte, sin\u00f3 una hist\u00f2ria. Vol saber d\u2019on prov\u00e9, com s\u2019ha produ\u00eft i quines garanties t\u00e9. En aquest escenari, el <strong>prove\u00efdor d\u2019oli d\u2019oliva verge extra<\/strong> t\u00e9 un paper clau com a comunicador de valor.<\/p>\n\n\n\n<p>La transpar\u00e8ncia, la tra\u00e7abilitat i la qualitat certificada s\u00f3n elements que diferencien un producte est\u00e0ndard d\u2019un producte premium. El consumidor busca confian\u00e7a, i aquesta confian\u00e7a es construeix a trav\u00e9s d\u2019un control rigor\u00f3s de tota la cadena.<\/p>\n\n\n\n<p>A m\u00e9s, el sector est\u00e0 evolucionant cap a una major especialitzaci\u00f3. Cada vegada hi ha m\u00e9s demanda d\u2019olis monovarietals, ecol\u00f2gics o amb certificacions espec\u00edfiques. Aix\u00f2 obliga el <strong><a href=\"https:\/\/baluefruits.com\/fr\/proveidor-doli-doliva-verge-extra-a-lleida\/\">prove\u00efdor d\u2019oli d\u2019oliva verge extra<\/a><\/strong> a adaptar-se i diversificar la seva oferta.<\/p>\n\n\n\n<h2 class=\"wp-block-heading\">El futur del <strong>prove\u00efdor d\u2019oli d\u2019oliva verge extra<\/strong><\/h2>\n\n\n\n<p>El futur del sector passa per la combinaci\u00f3 de tradici\u00f3 i innovaci\u00f3. L\u2019oli d\u2019oliva continua sent un producte arrelat a la cultura mediterr\u00e0nia, per\u00f2 el mercat exigeix cada vegada m\u00e9s qualitat, sostenibilitat i transpar\u00e8ncia.<\/p>\n\n\n\n<p>En aquest context, el <strong>prove\u00efdor d\u2019oli d\u2019oliva verge extra<\/strong> es consolida com una figura estrat\u00e8gica dins la cadena agroaliment\u00e0ria. La seva funci\u00f3 va m\u00e9s enll\u00e0 de la distribuci\u00f3: \u00e9s un agent clau en la garantia de qualitat, en la connexi\u00f3 entre productor i consumidor, i en la construcci\u00f3 de confian\u00e7a en el mercat global.<\/p>\n\n\n\n<p>Empreses com Balu\u00e9 Fruits representen aquesta evoluci\u00f3, apostant per un model integral basat en la qualitat, la responsabilitat i la innovaci\u00f3 cont\u00ednua.<\/p>","protected":false},"excerpt":{"rendered":"<p>Qualitat, sostenibilitat i tra\u00e7abilitat en el paper del prove\u00efdor d\u2019oli d\u2019oliva verge extra El sector de l\u2019oli d\u2019oliva ha experimentat una transformaci\u00f3 profunda en les darreres d\u00e8cades. Ja no es tracta nom\u00e9s d\u2019un producte b\u00e0sic dins la dieta mediterr\u00e0nia, sin\u00f3 d\u2019un aliment gourmet amb una forta pres\u00e8ncia en mercats internacionals exigents. En aquest context, la [&hellip;]<\/p>","protected":false},"author":1,"featured_media":1449,"comment_status":"closed","ping_status":"closed","sticky":false,"template":"","format":"standard","meta":{"footnotes":""},"categories":[1],"tags":[],"class_list":["post-1446","post","type-post","status-publish","format-standard","has-post-thumbnail","hentry","category-blog"],"yoast_head":"<!-- This site is optimized with the Yoast SEO plugin v26.3 - https:\/\/yoast.com\/wordpress\/plugins\/seo\/ -->\n<title>El valor estrat\u00e8gic de la cadena agroaliment\u00e0ria en l\u2019oli d\u2019oliva<\/title>\n<meta name=\"description\" content=\"Descobreix el paper del prove\u00efdor d\u2019oli d\u2019oliva verge extra en la cadena agroaliment\u00e0ria. Oli premium, sostenible i amb control de qualitat.\" \/>\n<meta name=\"robots\" content=\"index, follow, max-snippet:-1, max-image-preview:large, max-video-preview:-1\" \/>\n<link rel=\"canonical\" href=\"https:\/\/baluefruits.com\/fr\/el-valor-estrategic-de-la-cadena-agroalimentaria-en-loli-doliva-premium\/\" \/>\n<meta property=\"og:locale\" content=\"fr_FR\" \/>\n<meta property=\"og:type\" content=\"article\" \/>\n<meta property=\"og:title\" content=\"El valor estrat\u00e8gic de la cadena agroaliment\u00e0ria en l\u2019oli d\u2019oliva\" \/>\n<meta property=\"og:description\" content=\"Descobreix el paper del prove\u00efdor d\u2019oli d\u2019oliva verge extra en la cadena agroaliment\u00e0ria. Oli premium, sostenible i amb control de qualitat.\" \/>\n<meta property=\"og:url\" content=\"https:\/\/baluefruits.com\/fr\/el-valor-estrategic-de-la-cadena-agroalimentaria-en-loli-doliva-premium\/\" \/>\n<meta property=\"og:site_name\" content=\"Balue Fruits\" \/>\n<meta property=\"article:published_time\" content=\"2026-04-27T09:25:09+00:00\" \/>\n<meta property=\"article:modified_time\" content=\"2026-04-27T09:25:10+00:00\" \/>\n<meta property=\"og:image\" content=\"https:\/\/baluefruits.com\/wp-content\/uploads\/2026\/04\/Proveidor-doli-doliva-verge-extra-a-Lleida-1.png\" \/>\n\t<meta property=\"og:image:width\" content=\"1200\" \/>\n\t<meta property=\"og:image:height\" content=\"750\" \/>\n\t<meta property=\"og:image:type\" content=\"image\/png\" \/>\n<meta name=\"author\" content=\"panterwebs@gmail.com\" \/>\n<meta name=\"twitter:card\" content=\"summary_large_image\" \/>\n<meta name=\"twitter:label1\" content=\"\u00c9crit par\" \/>\n\t<meta name=\"twitter:data1\" content=\"panterwebs@gmail.com\" \/>\n\t<meta name=\"twitter:label2\" content=\"Dur\u00e9e de lecture estim\u00e9e\" \/>\n\t<meta name=\"twitter:data2\" content=\"6 minutes\" \/>\n<script type=\"application\/ld+json\" class=\"yoast-schema-graph\">{\"@context\":\"https:\/\/schema.org\",\"@graph\":[{\"@type\":\"WebPage\",\"@id\":\"https:\/\/baluefruits.com\/el-valor-estrategic-de-la-cadena-agroalimentaria-en-loli-doliva-premium\/\",\"url\":\"https:\/\/baluefruits.com\/el-valor-estrategic-de-la-cadena-agroalimentaria-en-loli-doliva-premium\/\",\"name\":\"El valor estrat\u00e8gic de la cadena agroaliment\u00e0ria en l\u2019oli d\u2019oliva\",\"isPartOf\":{\"@id\":\"https:\/\/baluefruits.com\/#website\"},\"primaryImageOfPage\":{\"@id\":\"https:\/\/baluefruits.com\/el-valor-estrategic-de-la-cadena-agroalimentaria-en-loli-doliva-premium\/#primaryimage\"},\"image\":{\"@id\":\"https:\/\/baluefruits.com\/el-valor-estrategic-de-la-cadena-agroalimentaria-en-loli-doliva-premium\/#primaryimage\"},\"thumbnailUrl\":\"https:\/\/baluefruits.com\/wp-content\/uploads\/2026\/04\/Proveidor-doli-doliva-verge-extra-a-Lleida-1.png\",\"datePublished\":\"2026-04-27T09:25:09+00:00\",\"dateModified\":\"2026-04-27T09:25:10+00:00\",\"author\":{\"@id\":\"https:\/\/baluefruits.com\/#\/schema\/person\/eed3cb366c55cee998358d491cec205e\"},\"description\":\"Descobreix el paper del prove\u00efdor d\u2019oli d\u2019oliva verge extra en la cadena agroaliment\u00e0ria. Oli premium, sostenible i amb control de qualitat.\",\"breadcrumb\":{\"@id\":\"https:\/\/baluefruits.com\/el-valor-estrategic-de-la-cadena-agroalimentaria-en-loli-doliva-premium\/#breadcrumb\"},\"inLanguage\":\"fr-FR\",\"potentialAction\":[{\"@type\":\"ReadAction\",\"target\":[\"https:\/\/baluefruits.com\/el-valor-estrategic-de-la-cadena-agroalimentaria-en-loli-doliva-premium\/\"]}]},{\"@type\":\"ImageObject\",\"inLanguage\":\"fr-FR\",\"@id\":\"https:\/\/baluefruits.com\/el-valor-estrategic-de-la-cadena-agroalimentaria-en-loli-doliva-premium\/#primaryimage\",\"url\":\"https:\/\/baluefruits.com\/wp-content\/uploads\/2026\/04\/Proveidor-doli-doliva-verge-extra-a-Lleida-1.png\",\"contentUrl\":\"https:\/\/baluefruits.com\/wp-content\/uploads\/2026\/04\/Proveidor-doli-doliva-verge-extra-a-Lleida-1.png\",\"width\":1200,\"height\":750,\"caption\":\"Ampolles d\u2019oli d\u2019oliva verge extra en l\u00ednia d\u2019envasat\"},{\"@type\":\"BreadcrumbList\",\"@id\":\"https:\/\/baluefruits.com\/el-valor-estrategic-de-la-cadena-agroalimentaria-en-loli-doliva-premium\/#breadcrumb\",\"itemListElement\":[{\"@type\":\"ListItem\",\"position\":1,\"name\":\"Portada\",\"item\":\"https:\/\/baluefruits.com\/\"},{\"@type\":\"ListItem\",\"position\":2,\"name\":\"El valor estrat\u00e8gic de la cadena agroaliment\u00e0ria en l\u2019oli d\u2019oliva premium\"}]},{\"@type\":\"WebSite\",\"@id\":\"https:\/\/baluefruits.com\/#website\",\"url\":\"https:\/\/baluefruits.com\/\",\"name\":\"Balue Fruits\",\"description\":\"Productes agr\u00edcoles de qualitat a Lleida\",\"potentialAction\":[{\"@type\":\"SearchAction\",\"target\":{\"@type\":\"EntryPoint\",\"urlTemplate\":\"https:\/\/baluefruits.com\/?s={search_term_string}\"},\"query-input\":{\"@type\":\"PropertyValueSpecification\",\"valueRequired\":true,\"valueName\":\"search_term_string\"}}],\"inLanguage\":\"fr-FR\"},{\"@type\":\"Person\",\"@id\":\"https:\/\/baluefruits.com\/#\/schema\/person\/eed3cb366c55cee998358d491cec205e\",\"name\":\"panterwebs@gmail.com\",\"sameAs\":[\"https:\/\/baluefruits.com\"],\"url\":\"https:\/\/baluefruits.com\/fr\/author\/panterwebsgmail-com\/\"}]}<\/script>\n<!-- \/ Yoast SEO plugin. -->","yoast_head_json":{"title":"El valor estrat\u00e8gic de la cadena agroaliment\u00e0ria en l\u2019oli d\u2019oliva","description":"Descobreix el paper del prove\u00efdor d\u2019oli d\u2019oliva verge extra en la cadena agroaliment\u00e0ria. Oli premium, sostenible i amb control de qualitat.","robots":{"index":"index","follow":"follow","max-snippet":"max-snippet:-1","max-image-preview":"max-image-preview:large","max-video-preview":"max-video-preview:-1"},"canonical":"https:\/\/baluefruits.com\/fr\/el-valor-estrategic-de-la-cadena-agroalimentaria-en-loli-doliva-premium\/","og_locale":"fr_FR","og_type":"article","og_title":"El valor estrat\u00e8gic de la cadena agroaliment\u00e0ria en l\u2019oli d\u2019oliva","og_description":"Descobreix el paper del prove\u00efdor d\u2019oli d\u2019oliva verge extra en la cadena agroaliment\u00e0ria. Oli premium, sostenible i amb control de qualitat.","og_url":"https:\/\/baluefruits.com\/fr\/el-valor-estrategic-de-la-cadena-agroalimentaria-en-loli-doliva-premium\/","og_site_name":"Balue Fruits","article_published_time":"2026-04-27T09:25:09+00:00","article_modified_time":"2026-04-27T09:25:10+00:00","og_image":[{"width":1200,"height":750,"url":"https:\/\/baluefruits.com\/wp-content\/uploads\/2026\/04\/Proveidor-doli-doliva-verge-extra-a-Lleida-1.png","type":"image\/png"}],"author":"panterwebs@gmail.com","twitter_card":"summary_large_image","twitter_misc":{"\u00c9crit par":"panterwebs@gmail.com","Dur\u00e9e de lecture estim\u00e9e":"6 minutes"},"schema":{"@context":"https:\/\/schema.org","@graph":[{"@type":"WebPage","@id":"https:\/\/baluefruits.com\/el-valor-estrategic-de-la-cadena-agroalimentaria-en-loli-doliva-premium\/","url":"https:\/\/baluefruits.com\/el-valor-estrategic-de-la-cadena-agroalimentaria-en-loli-doliva-premium\/","name":"El valor estrat\u00e8gic de la cadena agroaliment\u00e0ria en l\u2019oli d\u2019oliva","isPartOf":{"@id":"https:\/\/baluefruits.com\/#website"},"primaryImageOfPage":{"@id":"https:\/\/baluefruits.com\/el-valor-estrategic-de-la-cadena-agroalimentaria-en-loli-doliva-premium\/#primaryimage"},"image":{"@id":"https:\/\/baluefruits.com\/el-valor-estrategic-de-la-cadena-agroalimentaria-en-loli-doliva-premium\/#primaryimage"},"thumbnailUrl":"https:\/\/baluefruits.com\/wp-content\/uploads\/2026\/04\/Proveidor-doli-doliva-verge-extra-a-Lleida-1.png","datePublished":"2026-04-27T09:25:09+00:00","dateModified":"2026-04-27T09:25:10+00:00","author":{"@id":"https:\/\/baluefruits.com\/#\/schema\/person\/eed3cb366c55cee998358d491cec205e"},"description":"Descobreix el paper del prove\u00efdor d\u2019oli d\u2019oliva verge extra en la cadena agroaliment\u00e0ria. Oli premium, sostenible i amb control de qualitat.","breadcrumb":{"@id":"https:\/\/baluefruits.com\/el-valor-estrategic-de-la-cadena-agroalimentaria-en-loli-doliva-premium\/#breadcrumb"},"inLanguage":"fr-FR","potentialAction":[{"@type":"ReadAction","target":["https:\/\/baluefruits.com\/el-valor-estrategic-de-la-cadena-agroalimentaria-en-loli-doliva-premium\/"]}]},{"@type":"ImageObject","inLanguage":"fr-FR","@id":"https:\/\/baluefruits.com\/el-valor-estrategic-de-la-cadena-agroalimentaria-en-loli-doliva-premium\/#primaryimage","url":"https:\/\/baluefruits.com\/wp-content\/uploads\/2026\/04\/Proveidor-doli-doliva-verge-extra-a-Lleida-1.png","contentUrl":"https:\/\/baluefruits.com\/wp-content\/uploads\/2026\/04\/Proveidor-doli-doliva-verge-extra-a-Lleida-1.png","width":1200,"height":750,"caption":"Ampolles d\u2019oli d\u2019oliva verge extra en l\u00ednia d\u2019envasat"},{"@type":"BreadcrumbList","@id":"https:\/\/baluefruits.com\/el-valor-estrategic-de-la-cadena-agroalimentaria-en-loli-doliva-premium\/#breadcrumb","itemListElement":[{"@type":"ListItem","position":1,"name":"Portada","item":"https:\/\/baluefruits.com\/"},{"@type":"ListItem","position":2,"name":"El valor estrat\u00e8gic de la cadena agroaliment\u00e0ria en l\u2019oli d\u2019oliva premium"}]},{"@type":"WebSite","@id":"https:\/\/baluefruits.com\/#website","url":"https:\/\/baluefruits.com\/","name":"Fruits de Balue","description":"Produits agricoles de qualit\u00e9 \u00e0 Lleida","potentialAction":[{"@type":"SearchAction","target":{"@type":"EntryPoint","urlTemplate":"https:\/\/baluefruits.com\/?s={search_term_string}"},"query-input":{"@type":"PropertyValueSpecification","valueRequired":true,"valueName":"search_term_string"}}],"inLanguage":"fr-FR"},{"@type":"Person","@id":"https:\/\/baluefruits.com\/#\/schema\/person\/eed3cb366c55cee998358d491cec205e","name":"panterwebs@gmail.com","sameAs":["https:\/\/baluefruits.com"],"url":"https:\/\/baluefruits.com\/fr\/author\/panterwebsgmail-com\/"}]}},"_links":{"self":[{"href":"https:\/\/baluefruits.com\/fr\/wp-json\/wp\/v2\/posts\/1446","targetHints":{"allow":["GET"]}}],"collection":[{"href":"https:\/\/baluefruits.com\/fr\/wp-json\/wp\/v2\/posts"}],"about":[{"href":"https:\/\/baluefruits.com\/fr\/wp-json\/wp\/v2\/types\/post"}],"author":[{"embeddable":true,"href":"https:\/\/baluefruits.com\/fr\/wp-json\/wp\/v2\/users\/1"}],"replies":[{"embeddable":true,"href":"https:\/\/baluefruits.com\/fr\/wp-json\/wp\/v2\/comments?post=1446"}],"version-history":[{"count":2,"href":"https:\/\/baluefruits.com\/fr\/wp-json\/wp\/v2\/posts\/1446\/revisions"}],"predecessor-version":[{"id":1452,"href":"https:\/\/baluefruits.com\/fr\/wp-json\/wp\/v2\/posts\/1446\/revisions\/1452"}],"wp:featuredmedia":[{"embeddable":true,"href":"https:\/\/baluefruits.com\/fr\/wp-json\/wp\/v2\/media\/1449"}],"wp:attachment":[{"href":"https:\/\/baluefruits.com\/fr\/wp-json\/wp\/v2\/media?parent=1446"}],"wp:term":[{"taxonomy":"category","embeddable":true,"href":"https:\/\/baluefruits.com\/fr\/wp-json\/wp\/v2\/categories?post=1446"},{"taxonomy":"post_tag","embeddable":true,"href":"https:\/\/baluefruits.com\/fr\/wp-json\/wp\/v2\/tags?post=1446"}],"curies":[{"name":"wp","href":"https:\/\/api.w.org\/{rel}","templated":true}]}}