{"id":907,"date":"2025-08-04T09:48:03","date_gmt":"2025-08-04T07:48:03","guid":{"rendered":"https:\/\/baluefruits.com\/?p=907"},"modified":"2025-09-16T10:03:01","modified_gmt":"2025-09-16T08:03:01","slug":"assaboreix-lautentic-gust-de-la-terra-amb-la-fruita-de-lleida","status":"publish","type":"post","link":"https:\/\/baluefruits.com\/es\/assaboreix-lautentic-gust-de-la-terra-amb-la-fruita-de-lleida\/","title":{"rendered":"Saborea el aut\u00e9ntico gusto de la tierra con la fruta de Lleida"},"content":{"rendered":"<h1 class=\"wp-block-heading\"><strong>La fuerza de un territorio agr\u00edcola rico y diverso<\/strong><\/h1>\n\n\n\n<p>Cuando pensamos en productos frescos y naturales, la <strong><a href=\"https:\/\/baluefruits.com\/es\/fruita-de-lleida\/\">fruta de Lleida<\/a><\/strong> es un referente incuestionable. Situada en el coraz\u00f3n de Catalu\u00f1a, esta regi\u00f3n destaca por sus tierras f\u00e9rtiles y un clima que combina inviernos fr\u00edos y veranos calurosos. Este contraste, junto a la experiencia acumulada de generaciones de campesinos, hace que cada fruta que sale de aqu\u00ed sea reconocida por su calidad y sabor. Pero detr\u00e1s de ese prestigio hay mucho m\u00e1s: una historia agr\u00edcola, una cultura de trabajo constante y un modelo de producci\u00f3n que ha sabido adaptarse a los retos del mercado actual.<\/p>\n\n\n\n<figure class=\"wp-block-image size-large\"><img fetchpriority=\"high\" decoding=\"async\" width=\"1024\" height=\"640\" src=\"https:\/\/baluefruits.com\/wp-content\/uploads\/2025\/09\/fruita-de-Lleida-3-1024x640.jpg\" alt=\"presseguers lleida\" class=\"wp-image-908\" srcset=\"https:\/\/baluefruits.com\/wp-content\/uploads\/2025\/09\/fruita-de-Lleida-3-1024x640.jpg 1024w, https:\/\/baluefruits.com\/wp-content\/uploads\/2025\/09\/fruita-de-Lleida-3-300x188.jpg 300w, https:\/\/baluefruits.com\/wp-content\/uploads\/2025\/09\/fruita-de-Lleida-3-768x480.jpg 768w, https:\/\/baluefruits.com\/wp-content\/uploads\/2025\/09\/fruita-de-Lleida-3-18x12.jpg 18w, https:\/\/baluefruits.com\/wp-content\/uploads\/2025\/09\/fruita-de-Lleida-3.jpg 1200w\" sizes=\"(max-width: 1024px) 100vw, 1024px\" \/><\/figure>\n\n\n\n<p>Lleida es conocida como la &quot;capital de la fruta dulce&quot;. Las comarcas del Segri\u00e0, la Noguera, el Urgell y el Pla d&#039;Urgell concentran miles de hect\u00e1reas dedicadas al cultivo de \u00e1rboles frutales. Las condiciones naturales son excepcionales:<\/p>\n\n\n\n<ul class=\"wp-block-list\">\n<li>Clima continental con influencia mediterr\u00e1nea: noches frescas y d\u00edas soleados que favorecen la formaci\u00f3n de az\u00facares naturales.<br><\/li>\n\n\n\n<li>Regadio eficiente gracias al canal de Urgell y otros sistemas hidr\u00e1ulicos hist\u00f3ricos que han transformado la productividad agr\u00edcola.<br><\/li>\n\n\n\n<li>Variedades adaptadas que responden a la demanda del consumidor europeo, pero que mantienen la esencia del sabor aut\u00e9ntico.<\/li>\n<\/ul>\n\n\n\n<p>Este conjunto de factores explica por qu\u00e9 la <strong>fruta de Lleida<\/strong> tiene una dulzura y una textura tan caracter\u00edsticas.<\/p>\n\n\n\n<h2 class=\"wp-block-heading\"><strong>Diversidad de productos a lo largo del a\u00f1o<\/strong><\/h2>\n\n\n\n<p>Una de las grandes fortalezas de L\u00e9rida es su amplitud de calendario de producci\u00f3n. Esto garantiza un flujo constante de fruta de temporada para mercados y distribuidores:<\/p>\n\n\n\n<ul class=\"wp-block-list\">\n<li>Primavera y verano: melocotones, nectarinas, albaricoques y paraguayos.<br><\/li>\n\n\n\n<li>Finales de verano y oto\u00f1o: peras y manzanas.<br><\/li>\n\n\n\n<li>Oto\u00f1o: Variedades espec\u00edficas.<br><\/li>\n<\/ul>\n\n\n\n<p>Cada variedad se adapta a per\u00edodos de recolecci\u00f3n diferentes, lo que permite mantener un suministro continuo y reducir la dependencia de importaciones.<\/p>\n\n\n\n<figure class=\"wp-block-image size-large\"><img decoding=\"async\" width=\"1024\" height=\"640\" src=\"https:\/\/baluefruits.com\/wp-content\/uploads\/2025\/09\/fruita-de-Lleida-1-1024x640.jpg\" alt=\"pr\u00e9ssec\" class=\"wp-image-910\" srcset=\"https:\/\/baluefruits.com\/wp-content\/uploads\/2025\/09\/fruita-de-Lleida-1-1024x640.jpg 1024w, https:\/\/baluefruits.com\/wp-content\/uploads\/2025\/09\/fruita-de-Lleida-1-300x188.jpg 300w, https:\/\/baluefruits.com\/wp-content\/uploads\/2025\/09\/fruita-de-Lleida-1-768x480.jpg 768w, https:\/\/baluefruits.com\/wp-content\/uploads\/2025\/09\/fruita-de-Lleida-1-18x12.jpg 18w, https:\/\/baluefruits.com\/wp-content\/uploads\/2025\/09\/fruita-de-Lleida-1.jpg 1200w\" sizes=\"(max-width: 1024px) 100vw, 1024px\" \/><\/figure>\n\n\n\n<h2 class=\"wp-block-heading\"><strong>Una apuesta por la calidad y la trazabilidad<\/strong><\/h2>\n\n\n\n<p>La <strong><a href=\"https:\/\/baluefruits.com\/es\/productor-de-fruita-dolca\/\">fruta de Lleida<\/a><\/strong> no s\u00f3lo se distingue por su gusto, sino tambi\u00e9n por su exigencia en los procesos de producci\u00f3n. Nuestras fincas agr\u00edcolas y las empresas del sector trabajamos con sistemas de control de calidad rigurosos:<\/p>\n\n\n\n<ul class=\"wp-block-list\">\n<li>Revisiones constantes del estado de madurez y tama\u00f1o del fruto.<br><\/li>\n\n\n\n<li>Certificaciones que garantizan pr\u00e1cticas agr\u00edcolas respetuosas con el medio ambiente.<br><\/li>\n\n\n\n<li>Trazabilidad completa desde su origen hasta la caja final que llega a supermercados o tiendas.<br><\/li>\n<\/ul>\n\n\n\n<p>Este compromiso permite competir en mercados internacionales y consolidar a Lleida como un territorio de confianza.<\/p>\n\n\n\n<h3 class=\"wp-block-heading\"><strong>La fruta como patrimonio cultural y econ\u00f3mico<\/strong><\/h3>\n\n\n\n<p>La producci\u00f3n de fruta no es s\u00f3lo una actividad econ\u00f3mica. En L\u00e9rida forma parte de su identidad colectiva. Las ferias agr\u00edcolas, las rutas de la floraci\u00f3n en primavera y las cooperativas de productores son ejemplos de c\u00f3mo este sector moldea la vida social y cultural del territorio. Adem\u00e1s, genera miles de empleos e impulsa la exportaci\u00f3n catalana hacia mercados como Francia, Italia, Alemania o pa\u00edses n\u00f3rdicos.<\/p>\n\n\n\n<figure class=\"wp-block-image size-large\"><img decoding=\"async\" width=\"1024\" height=\"640\" src=\"https:\/\/baluefruits.com\/wp-content\/uploads\/2025\/09\/fruita-de-Lleida-1024x640.jpg\" alt=\"peres\" class=\"wp-image-911\" srcset=\"https:\/\/baluefruits.com\/wp-content\/uploads\/2025\/09\/fruita-de-Lleida-1024x640.jpg 1024w, https:\/\/baluefruits.com\/wp-content\/uploads\/2025\/09\/fruita-de-Lleida-300x188.jpg 300w, https:\/\/baluefruits.com\/wp-content\/uploads\/2025\/09\/fruita-de-Lleida-768x480.jpg 768w, https:\/\/baluefruits.com\/wp-content\/uploads\/2025\/09\/fruita-de-Lleida-18x12.jpg 18w, https:\/\/baluefruits.com\/wp-content\/uploads\/2025\/09\/fruita-de-Lleida.jpg 1200w\" sizes=\"(max-width: 1024px) 100vw, 1024px\" \/><\/figure>\n\n\n\n<h3 class=\"wp-block-heading\"><strong>Innovaci\u00f3n y futuro del sector<\/strong><\/h3>\n\n\n\n<p>El sector de la fruta dulce vive un proceso constante de innovaci\u00f3n:<\/p>\n\n\n\n<ul class=\"wp-block-list\">\n<li>Nuevas variedades creadas para ofrecer mayor dulzura, mejor conservaci\u00f3n y resistencia a enfermedades.<br><\/li>\n\n\n\n<li>Tecnolog\u00eda agr\u00edcola: sensores, riego inteligente y maquinaria avanzada para reducir costes y optimizar los recursos.<br><\/li>\n\n\n\n<li>Sostenibilidad: cada vez m\u00e1s explotaciones implementan pr\u00e1cticas respetuosas con el medio ambiente, reduciendo el uso de qu\u00edmicos y fomentando la biodiversidad.<br><\/li>\n<\/ul>\n\n\n\n<p>La <strong><a href=\"https:\/\/baluefruits.com\/es\/lencant-de-la-fruita-dolca-com-triar-i-gaudir-del-millor-de-cada-temporada\/\">fruta de Lleida<\/a><\/strong> es mucho m\u00e1s que un producto fresco: es historia, paisaje y innovaci\u00f3n. Su reputaci\u00f3n internacional no se explica s\u00f3lo por la dulzura de un melocot\u00f3n o la frescura de una manzana, sino por la combinaci\u00f3n de tradici\u00f3n agr\u00edcola, calidad certificada y capacidad de adaptaci\u00f3n a los tiempos modernos. Apostar por la<strong> fruta de Lleida<\/strong> es reconocer el valor de una tierra que trabaja d\u00eda a d\u00eda para ofrecer lo mejor de sus campos al mundo.<\/p>","protected":false},"excerpt":{"rendered":"<p>La for\u00e7a d\u2019un territori agr\u00edcola ric i divers Quan pensem en productes frescos i naturals, la fruita de Lleida \u00e9s un referent inq\u00fcestionable. Situada al cor de Catalunya, aquesta regi\u00f3 destaca per les seves terres f\u00e8rtils i un clima que combina hiverns freds i estius calorosos. Aquest contrast, juntament amb l\u2019experi\u00e8ncia acumulada de generacions de [&hellip;]<\/p>","protected":false},"author":1,"featured_media":909,"comment_status":"closed","ping_status":"closed","sticky":false,"template":"","format":"standard","meta":{"footnotes":""},"categories":[1,13],"tags":[17],"class_list":["post-907","post","type-post","status-publish","format-standard","has-post-thumbnail","hentry","category-blog","category-fruita-dolca","tag-fruita-de-lleida"],"yoast_head":"<!-- This site is optimized with the Yoast SEO plugin v26.3 - https:\/\/yoast.com\/wordpress\/plugins\/seo\/ -->\n<title>Assaboreix l\u2019aut\u00e8ntic gust de la terra amb la fruita de Lleida - Balue Fruits<\/title>\n<meta name=\"description\" content=\"Descobreix el sabor \u00fanic de la fruita dol\u00e7a amb Balu\u00e9 Fruits. Som especialistas en la venda a l&#039;engr\u00f2s de fruita i oli d&#039;oliva.\" \/>\n<meta name=\"robots\" content=\"index, follow, max-snippet:-1, max-image-preview:large, max-video-preview:-1\" \/>\n<link rel=\"canonical\" href=\"https:\/\/baluefruits.com\/es\/assaboreix-lautentic-gust-de-la-terra-amb-la-fruita-de-lleida\/\" \/>\n<meta property=\"og:locale\" content=\"es_ES\" \/>\n<meta property=\"og:type\" content=\"article\" \/>\n<meta property=\"og:title\" content=\"Assaboreix l\u2019aut\u00e8ntic gust de la terra amb la fruita de Lleida - Balue Fruits\" \/>\n<meta property=\"og:description\" content=\"Descobreix el sabor \u00fanic de la fruita dol\u00e7a amb Balu\u00e9 Fruits. Som especialistas en la venda a l&#039;engr\u00f2s de fruita i oli d&#039;oliva.\" \/>\n<meta property=\"og:url\" content=\"https:\/\/baluefruits.com\/es\/assaboreix-lautentic-gust-de-la-terra-amb-la-fruita-de-lleida\/\" \/>\n<meta property=\"og:site_name\" content=\"Balue Fruits\" \/>\n<meta property=\"article:published_time\" content=\"2025-08-04T07:48:03+00:00\" \/>\n<meta property=\"article:modified_time\" content=\"2025-09-16T08:03:01+00:00\" \/>\n<meta property=\"og:image\" content=\"https:\/\/baluefruits.com\/wp-content\/uploads\/2025\/09\/fruita-de-Lleida-2.jpg\" \/>\n\t<meta property=\"og:image:width\" content=\"1200\" \/>\n\t<meta property=\"og:image:height\" content=\"750\" \/>\n\t<meta property=\"og:image:type\" content=\"image\/jpeg\" \/>\n<meta name=\"author\" content=\"panterwebs@gmail.com\" \/>\n<meta name=\"twitter:card\" content=\"summary_large_image\" \/>\n<meta name=\"twitter:label1\" content=\"Escrito por\" \/>\n\t<meta name=\"twitter:data1\" content=\"panterwebs@gmail.com\" \/>\n\t<meta name=\"twitter:label2\" content=\"Tiempo de lectura\" \/>\n\t<meta name=\"twitter:data2\" content=\"4 minutos\" \/>\n<script type=\"application\/ld+json\" class=\"yoast-schema-graph\">{\"@context\":\"https:\/\/schema.org\",\"@graph\":[{\"@type\":\"WebPage\",\"@id\":\"https:\/\/baluefruits.com\/assaboreix-lautentic-gust-de-la-terra-amb-la-fruita-de-lleida\/\",\"url\":\"https:\/\/baluefruits.com\/assaboreix-lautentic-gust-de-la-terra-amb-la-fruita-de-lleida\/\",\"name\":\"Assaboreix l\u2019aut\u00e8ntic gust de la terra amb la fruita de Lleida - Balue Fruits\",\"isPartOf\":{\"@id\":\"https:\/\/baluefruits.com\/#website\"},\"primaryImageOfPage\":{\"@id\":\"https:\/\/baluefruits.com\/assaboreix-lautentic-gust-de-la-terra-amb-la-fruita-de-lleida\/#primaryimage\"},\"image\":{\"@id\":\"https:\/\/baluefruits.com\/assaboreix-lautentic-gust-de-la-terra-amb-la-fruita-de-lleida\/#primaryimage\"},\"thumbnailUrl\":\"https:\/\/baluefruits.com\/wp-content\/uploads\/2025\/09\/fruita-de-Lleida-2.jpg\",\"datePublished\":\"2025-08-04T07:48:03+00:00\",\"dateModified\":\"2025-09-16T08:03:01+00:00\",\"author\":{\"@id\":\"https:\/\/baluefruits.com\/#\/schema\/person\/eed3cb366c55cee998358d491cec205e\"},\"description\":\"Descobreix el sabor \u00fanic de la fruita dol\u00e7a amb Balu\u00e9 Fruits. Som especialistas en la venda a l'engr\u00f2s de fruita i oli d'oliva.\",\"breadcrumb\":{\"@id\":\"https:\/\/baluefruits.com\/assaboreix-lautentic-gust-de-la-terra-amb-la-fruita-de-lleida\/#breadcrumb\"},\"inLanguage\":\"es\",\"potentialAction\":[{\"@type\":\"ReadAction\",\"target\":[\"https:\/\/baluefruits.com\/assaboreix-lautentic-gust-de-la-terra-amb-la-fruita-de-lleida\/\"]}]},{\"@type\":\"ImageObject\",\"inLanguage\":\"es\",\"@id\":\"https:\/\/baluefruits.com\/assaboreix-lautentic-gust-de-la-terra-amb-la-fruita-de-lleida\/#primaryimage\",\"url\":\"https:\/\/baluefruits.com\/wp-content\/uploads\/2025\/09\/fruita-de-Lleida-2.jpg\",\"contentUrl\":\"https:\/\/baluefruits.com\/wp-content\/uploads\/2025\/09\/fruita-de-Lleida-2.jpg\",\"width\":1200,\"height\":750,\"caption\":\"camp lleida\"},{\"@type\":\"BreadcrumbList\",\"@id\":\"https:\/\/baluefruits.com\/assaboreix-lautentic-gust-de-la-terra-amb-la-fruita-de-lleida\/#breadcrumb\",\"itemListElement\":[{\"@type\":\"ListItem\",\"position\":1,\"name\":\"Portada\",\"item\":\"https:\/\/baluefruits.com\/\"},{\"@type\":\"ListItem\",\"position\":2,\"name\":\"Assaboreix l\u2019aut\u00e8ntic gust de la terra amb la fruita de Lleida\"}]},{\"@type\":\"WebSite\",\"@id\":\"https:\/\/baluefruits.com\/#website\",\"url\":\"https:\/\/baluefruits.com\/\",\"name\":\"Balue Fruits\",\"description\":\"Productes agr\u00edcoles de qualitat a Lleida\",\"potentialAction\":[{\"@type\":\"SearchAction\",\"target\":{\"@type\":\"EntryPoint\",\"urlTemplate\":\"https:\/\/baluefruits.com\/?s={search_term_string}\"},\"query-input\":{\"@type\":\"PropertyValueSpecification\",\"valueRequired\":true,\"valueName\":\"search_term_string\"}}],\"inLanguage\":\"es\"},{\"@type\":\"Person\",\"@id\":\"https:\/\/baluefruits.com\/#\/schema\/person\/eed3cb366c55cee998358d491cec205e\",\"name\":\"panterwebs@gmail.com\",\"sameAs\":[\"https:\/\/baluefruits.com\"],\"url\":\"https:\/\/baluefruits.com\/es\/author\/panterwebsgmail-com\/\"}]}<\/script>\n<!-- \/ Yoast SEO plugin. -->","yoast_head_json":{"title":"Assaboreix l\u2019aut\u00e8ntic gust de la terra amb la fruita de Lleida - Balue Fruits","description":"Descobreix el sabor \u00fanic de la fruita dol\u00e7a amb Balu\u00e9 Fruits. Som especialistas en la venda a l'engr\u00f2s de fruita i oli d'oliva.","robots":{"index":"index","follow":"follow","max-snippet":"max-snippet:-1","max-image-preview":"max-image-preview:large","max-video-preview":"max-video-preview:-1"},"canonical":"https:\/\/baluefruits.com\/es\/assaboreix-lautentic-gust-de-la-terra-amb-la-fruita-de-lleida\/","og_locale":"es_ES","og_type":"article","og_title":"Assaboreix l\u2019aut\u00e8ntic gust de la terra amb la fruita de Lleida - Balue Fruits","og_description":"Descobreix el sabor \u00fanic de la fruita dol\u00e7a amb Balu\u00e9 Fruits. Som especialistas en la venda a l'engr\u00f2s de fruita i oli d'oliva.","og_url":"https:\/\/baluefruits.com\/es\/assaboreix-lautentic-gust-de-la-terra-amb-la-fruita-de-lleida\/","og_site_name":"Balue Fruits","article_published_time":"2025-08-04T07:48:03+00:00","article_modified_time":"2025-09-16T08:03:01+00:00","og_image":[{"width":1200,"height":750,"url":"https:\/\/baluefruits.com\/wp-content\/uploads\/2025\/09\/fruita-de-Lleida-2.jpg","type":"image\/jpeg"}],"author":"panterwebs@gmail.com","twitter_card":"summary_large_image","twitter_misc":{"Escrito por":"panterwebs@gmail.com","Tiempo de lectura":"4 minutos"},"schema":{"@context":"https:\/\/schema.org","@graph":[{"@type":"WebPage","@id":"https:\/\/baluefruits.com\/assaboreix-lautentic-gust-de-la-terra-amb-la-fruita-de-lleida\/","url":"https:\/\/baluefruits.com\/assaboreix-lautentic-gust-de-la-terra-amb-la-fruita-de-lleida\/","name":"Assaboreix l\u2019aut\u00e8ntic gust de la terra amb la fruita de Lleida - Balue Fruits","isPartOf":{"@id":"https:\/\/baluefruits.com\/#website"},"primaryImageOfPage":{"@id":"https:\/\/baluefruits.com\/assaboreix-lautentic-gust-de-la-terra-amb-la-fruita-de-lleida\/#primaryimage"},"image":{"@id":"https:\/\/baluefruits.com\/assaboreix-lautentic-gust-de-la-terra-amb-la-fruita-de-lleida\/#primaryimage"},"thumbnailUrl":"https:\/\/baluefruits.com\/wp-content\/uploads\/2025\/09\/fruita-de-Lleida-2.jpg","datePublished":"2025-08-04T07:48:03+00:00","dateModified":"2025-09-16T08:03:01+00:00","author":{"@id":"https:\/\/baluefruits.com\/#\/schema\/person\/eed3cb366c55cee998358d491cec205e"},"description":"Descobreix el sabor \u00fanic de la fruita dol\u00e7a amb Balu\u00e9 Fruits. Som especialistas en la venda a l'engr\u00f2s de fruita i oli d'oliva.","breadcrumb":{"@id":"https:\/\/baluefruits.com\/assaboreix-lautentic-gust-de-la-terra-amb-la-fruita-de-lleida\/#breadcrumb"},"inLanguage":"es","potentialAction":[{"@type":"ReadAction","target":["https:\/\/baluefruits.com\/assaboreix-lautentic-gust-de-la-terra-amb-la-fruita-de-lleida\/"]}]},{"@type":"ImageObject","inLanguage":"es","@id":"https:\/\/baluefruits.com\/assaboreix-lautentic-gust-de-la-terra-amb-la-fruita-de-lleida\/#primaryimage","url":"https:\/\/baluefruits.com\/wp-content\/uploads\/2025\/09\/fruita-de-Lleida-2.jpg","contentUrl":"https:\/\/baluefruits.com\/wp-content\/uploads\/2025\/09\/fruita-de-Lleida-2.jpg","width":1200,"height":750,"caption":"camp lleida"},{"@type":"BreadcrumbList","@id":"https:\/\/baluefruits.com\/assaboreix-lautentic-gust-de-la-terra-amb-la-fruita-de-lleida\/#breadcrumb","itemListElement":[{"@type":"ListItem","position":1,"name":"Portada","item":"https:\/\/baluefruits.com\/"},{"@type":"ListItem","position":2,"name":"Assaboreix l\u2019aut\u00e8ntic gust de la terra amb la fruita de Lleida"}]},{"@type":"WebSite","@id":"https:\/\/baluefruits.com\/#website","url":"https:\/\/baluefruits.com\/","name":"Balue Fruits","description":"Productos agr\u00edcolas de calidad en Lleida","potentialAction":[{"@type":"SearchAction","target":{"@type":"EntryPoint","urlTemplate":"https:\/\/baluefruits.com\/?s={search_term_string}"},"query-input":{"@type":"PropertyValueSpecification","valueRequired":true,"valueName":"search_term_string"}}],"inLanguage":"es"},{"@type":"Person","@id":"https:\/\/baluefruits.com\/#\/schema\/person\/eed3cb366c55cee998358d491cec205e","name":"panterwebs@gmail.com","sameAs":["https:\/\/baluefruits.com"],"url":"https:\/\/baluefruits.com\/es\/author\/panterwebsgmail-com\/"}]}},"_links":{"self":[{"href":"https:\/\/baluefruits.com\/es\/wp-json\/wp\/v2\/posts\/907","targetHints":{"allow":["GET"]}}],"collection":[{"href":"https:\/\/baluefruits.com\/es\/wp-json\/wp\/v2\/posts"}],"about":[{"href":"https:\/\/baluefruits.com\/es\/wp-json\/wp\/v2\/types\/post"}],"author":[{"embeddable":true,"href":"https:\/\/baluefruits.com\/es\/wp-json\/wp\/v2\/users\/1"}],"replies":[{"embeddable":true,"href":"https:\/\/baluefruits.com\/es\/wp-json\/wp\/v2\/comments?post=907"}],"version-history":[{"count":1,"href":"https:\/\/baluefruits.com\/es\/wp-json\/wp\/v2\/posts\/907\/revisions"}],"predecessor-version":[{"id":912,"href":"https:\/\/baluefruits.com\/es\/wp-json\/wp\/v2\/posts\/907\/revisions\/912"}],"wp:featuredmedia":[{"embeddable":true,"href":"https:\/\/baluefruits.com\/es\/wp-json\/wp\/v2\/media\/909"}],"wp:attachment":[{"href":"https:\/\/baluefruits.com\/es\/wp-json\/wp\/v2\/media?parent=907"}],"wp:term":[{"taxonomy":"category","embeddable":true,"href":"https:\/\/baluefruits.com\/es\/wp-json\/wp\/v2\/categories?post=907"},{"taxonomy":"post_tag","embeddable":true,"href":"https:\/\/baluefruits.com\/es\/wp-json\/wp\/v2\/tags?post=907"}],"curies":[{"name":"wp","href":"https:\/\/api.w.org\/{rel}","templated":true}]}}