{"id":907,"date":"2025-08-04T09:48:03","date_gmt":"2025-08-04T07:48:03","guid":{"rendered":"https:\/\/baluefruits.com\/?p=907"},"modified":"2025-09-16T10:03:01","modified_gmt":"2025-09-16T08:03:01","slug":"assaboreix-lautentic-gust-de-la-terra-amb-la-fruita-de-lleida","status":"publish","type":"post","link":"https:\/\/baluefruits.com\/en\/assaboreix-lautentic-gust-de-la-terra-amb-la-fruita-de-lleida\/","title":{"rendered":"Savor the authentic taste of the land with the fruit of Lleida"},"content":{"rendered":"<h1 class=\"wp-block-heading\"><strong>The strength of a rich and diverse agricultural territory<\/strong><\/h1>\n\n\n\n<p>When we think of fresh and natural products, the <strong><a href=\"https:\/\/baluefruits.com\/en\/fruita-de-lleida\/\">fruit from Lleida<\/a><\/strong> is an unquestionable benchmark. Located in the heart of Catalonia, this region stands out for its fertile lands and a climate that combines cold winters and hot summers. This contrast, together with the accumulated experience of generations of farmers, means that every fruit that comes out of here is recognized for its quality and flavor. But behind this prestige there is much more: an agricultural history, a culture of constant work and a production model that has been able to adapt to the challenges of today&#039;s market.<\/p>\n\n\n\n<figure class=\"wp-block-image size-large\"><img fetchpriority=\"high\" decoding=\"async\" width=\"1024\" height=\"640\" src=\"https:\/\/baluefruits.com\/wp-content\/uploads\/2025\/09\/fruita-de-Lleida-3-1024x640.jpg\" alt=\"presseguers lleida\" class=\"wp-image-908\" srcset=\"https:\/\/baluefruits.com\/wp-content\/uploads\/2025\/09\/fruita-de-Lleida-3-1024x640.jpg 1024w, https:\/\/baluefruits.com\/wp-content\/uploads\/2025\/09\/fruita-de-Lleida-3-300x188.jpg 300w, https:\/\/baluefruits.com\/wp-content\/uploads\/2025\/09\/fruita-de-Lleida-3-768x480.jpg 768w, https:\/\/baluefruits.com\/wp-content\/uploads\/2025\/09\/fruita-de-Lleida-3-18x12.jpg 18w, https:\/\/baluefruits.com\/wp-content\/uploads\/2025\/09\/fruita-de-Lleida-3.jpg 1200w\" sizes=\"(max-width: 1024px) 100vw, 1024px\" \/><\/figure>\n\n\n\n<p>Lleida is known as the \u201ccapital of sweet fruit\u201d. The regions of Segri\u00e0, Noguera, Urgell and Pla d&#039;Urgell concentrate thousands of hectares dedicated to the cultivation of fruit trees. The natural conditions are exceptional:<\/p>\n\n\n\n<ul class=\"wp-block-list\">\n<li>Continental climate with Mediterranean influence: cool nights and sunny days that favor the formation of natural sugars.<br><\/li>\n\n\n\n<li>Efficient irrigation thanks to the Urgell Canal and other historic hydraulic systems that have transformed agricultural productivity.<br><\/li>\n\n\n\n<li>Adapted varieties that respond to European consumer demand, but that maintain the essence of the authentic flavor.<\/li>\n<\/ul>\n\n\n\n<p>This set of factors explains why the <strong>fruit from Lleida<\/strong> It has such a characteristic sweetness and texture.<\/p>\n\n\n\n<h2 class=\"wp-block-heading\"><strong>Diversity of products throughout the year<\/strong><\/h2>\n\n\n\n<p>One of Lleida&#039;s great strengths is its wide production calendar. This guarantees a constant flow of seasonal fruit for markets and distributors:<\/p>\n\n\n\n<ul class=\"wp-block-list\">\n<li>Spring and summer: peaches, nectarines, apricots and Paraguayans.<br><\/li>\n\n\n\n<li>Late summer and autumn: pears and apples.<br><\/li>\n\n\n\n<li>Autumn: Specific varieties.<br><\/li>\n<\/ul>\n\n\n\n<p>Each variety adapts to different harvesting periods, which allows a continuous supply to be maintained and dependence on imports to be reduced.<\/p>\n\n\n\n<figure class=\"wp-block-image size-large\"><img decoding=\"async\" width=\"1024\" height=\"640\" src=\"https:\/\/baluefruits.com\/wp-content\/uploads\/2025\/09\/fruita-de-Lleida-1-1024x640.jpg\" alt=\"pr\u00e9ssec\" class=\"wp-image-910\" srcset=\"https:\/\/baluefruits.com\/wp-content\/uploads\/2025\/09\/fruita-de-Lleida-1-1024x640.jpg 1024w, https:\/\/baluefruits.com\/wp-content\/uploads\/2025\/09\/fruita-de-Lleida-1-300x188.jpg 300w, https:\/\/baluefruits.com\/wp-content\/uploads\/2025\/09\/fruita-de-Lleida-1-768x480.jpg 768w, https:\/\/baluefruits.com\/wp-content\/uploads\/2025\/09\/fruita-de-Lleida-1-18x12.jpg 18w, https:\/\/baluefruits.com\/wp-content\/uploads\/2025\/09\/fruita-de-Lleida-1.jpg 1200w\" sizes=\"(max-width: 1024px) 100vw, 1024px\" \/><\/figure>\n\n\n\n<h2 class=\"wp-block-heading\"><strong>A commitment to quality and traceability<\/strong><\/h2>\n\n\n\n<p>The <strong><a href=\"https:\/\/baluefruits.com\/en\/productor-de-fruita-dolca\/\">fruit from Lleida<\/a><\/strong> It is not only distinguished by its taste, but also by the demands placed on its production processes. Our farms and companies in the sector work with rigorous quality control systems:<\/p>\n\n\n\n<ul class=\"wp-block-list\">\n<li>Constant reviews of the state of maturity and size of the fruit.<br><\/li>\n\n\n\n<li>Certifications that guarantee environmentally friendly agricultural practices.<br><\/li>\n\n\n\n<li>Complete traceability from the origin to the final box that arrives in supermarkets or stores.<br><\/li>\n<\/ul>\n\n\n\n<p>This commitment allows us to compete in international markets and consolidate Lleida as a trusted territory.<\/p>\n\n\n\n<h3 class=\"wp-block-heading\"><strong>Fruit as cultural and economic heritage<\/strong><\/h3>\n\n\n\n<p>Fruit production is not just an economic activity. In Lleida it is part of its collective identity. Agricultural fairs, spring flowering routes and producer cooperatives are examples of how this sector shapes the social and cultural life of the territory. In addition, it generates thousands of jobs and boosts Catalan exports to markets such as France, Italy, Germany and the Nordic countries.<\/p>\n\n\n\n<figure class=\"wp-block-image size-large\"><img decoding=\"async\" width=\"1024\" height=\"640\" src=\"https:\/\/baluefruits.com\/wp-content\/uploads\/2025\/09\/fruita-de-Lleida-1024x640.jpg\" alt=\"peres\" class=\"wp-image-911\" srcset=\"https:\/\/baluefruits.com\/wp-content\/uploads\/2025\/09\/fruita-de-Lleida-1024x640.jpg 1024w, https:\/\/baluefruits.com\/wp-content\/uploads\/2025\/09\/fruita-de-Lleida-300x188.jpg 300w, https:\/\/baluefruits.com\/wp-content\/uploads\/2025\/09\/fruita-de-Lleida-768x480.jpg 768w, https:\/\/baluefruits.com\/wp-content\/uploads\/2025\/09\/fruita-de-Lleida-18x12.jpg 18w, https:\/\/baluefruits.com\/wp-content\/uploads\/2025\/09\/fruita-de-Lleida.jpg 1200w\" sizes=\"(max-width: 1024px) 100vw, 1024px\" \/><\/figure>\n\n\n\n<h3 class=\"wp-block-heading\"><strong>Innovation and future of the sector<\/strong><\/h3>\n\n\n\n<p>The sweet fruit sector is experiencing a constant process of innovation:<\/p>\n\n\n\n<ul class=\"wp-block-list\">\n<li>New varieties created to offer greater sweetness, better preservation and resistance to diseases.<br><\/li>\n\n\n\n<li>Agricultural technology: sensors, smart irrigation and advanced machinery to reduce costs and optimize resources.<br><\/li>\n\n\n\n<li>Sustainability: More and more farms are implementing environmentally friendly practices, reducing the use of chemicals and promoting biodiversity.<br><\/li>\n<\/ul>\n\n\n\n<p>The <strong><a href=\"https:\/\/baluefruits.com\/en\/lencant-de-la-fruita-dolca-com-triar-i-gaudir-del-millor-de-cada-temporada\/\">fruit from Lleida<\/a><\/strong> is much more than a fresh product: it is history, it is landscape and it is innovation. Its international reputation is not explained only by the sweetness of a peach or the freshness of an apple, but by the combination of agricultural tradition, certified quality and the ability to adapt to modern times. Betting on the<strong> fruit from Lleida<\/strong> It is recognizing the value of a land that works day after day to offer the best of its fields to the world.<\/p>","protected":false},"excerpt":{"rendered":"<p>La for\u00e7a d\u2019un territori agr\u00edcola ric i divers Quan pensem en productes frescos i naturals, la fruita de Lleida \u00e9s un referent inq\u00fcestionable. Situada al cor de Catalunya, aquesta regi\u00f3 destaca per les seves terres f\u00e8rtils i un clima que combina hiverns freds i estius calorosos. Aquest contrast, juntament amb l\u2019experi\u00e8ncia acumulada de generacions de [&hellip;]<\/p>","protected":false},"author":1,"featured_media":909,"comment_status":"closed","ping_status":"closed","sticky":false,"template":"","format":"standard","meta":{"footnotes":""},"categories":[1,13],"tags":[17],"class_list":["post-907","post","type-post","status-publish","format-standard","has-post-thumbnail","hentry","category-blog","category-fruita-dolca","tag-fruita-de-lleida"],"yoast_head":"<!-- This site is optimized with the Yoast SEO plugin v26.3 - https:\/\/yoast.com\/wordpress\/plugins\/seo\/ -->\n<title>Assaboreix l\u2019aut\u00e8ntic gust de la terra amb la fruita de Lleida - Balue Fruits<\/title>\n<meta name=\"description\" content=\"Descobreix el sabor \u00fanic de la fruita dol\u00e7a amb Balu\u00e9 Fruits. Som especialistas en la venda a l&#039;engr\u00f2s de fruita i oli d&#039;oliva.\" \/>\n<meta name=\"robots\" content=\"index, follow, max-snippet:-1, max-image-preview:large, max-video-preview:-1\" \/>\n<link rel=\"canonical\" href=\"https:\/\/baluefruits.com\/en\/assaboreix-lautentic-gust-de-la-terra-amb-la-fruita-de-lleida\/\" \/>\n<meta property=\"og:locale\" content=\"en_GB\" \/>\n<meta property=\"og:type\" content=\"article\" \/>\n<meta property=\"og:title\" content=\"Assaboreix l\u2019aut\u00e8ntic gust de la terra amb la fruita de Lleida - Balue Fruits\" \/>\n<meta property=\"og:description\" content=\"Descobreix el sabor \u00fanic de la fruita dol\u00e7a amb Balu\u00e9 Fruits. Som especialistas en la venda a l&#039;engr\u00f2s de fruita i oli d&#039;oliva.\" \/>\n<meta property=\"og:url\" content=\"https:\/\/baluefruits.com\/en\/assaboreix-lautentic-gust-de-la-terra-amb-la-fruita-de-lleida\/\" \/>\n<meta property=\"og:site_name\" content=\"Balue Fruits\" \/>\n<meta property=\"article:published_time\" content=\"2025-08-04T07:48:03+00:00\" \/>\n<meta property=\"article:modified_time\" content=\"2025-09-16T08:03:01+00:00\" \/>\n<meta property=\"og:image\" content=\"https:\/\/baluefruits.com\/wp-content\/uploads\/2025\/09\/fruita-de-Lleida-2.jpg\" \/>\n\t<meta property=\"og:image:width\" content=\"1200\" \/>\n\t<meta property=\"og:image:height\" content=\"750\" \/>\n\t<meta property=\"og:image:type\" content=\"image\/jpeg\" \/>\n<meta name=\"author\" content=\"panterwebs@gmail.com\" \/>\n<meta name=\"twitter:card\" content=\"summary_large_image\" \/>\n<meta name=\"twitter:label1\" content=\"Written by\" \/>\n\t<meta name=\"twitter:data1\" content=\"panterwebs@gmail.com\" \/>\n\t<meta name=\"twitter:label2\" content=\"Estimated reading time\" \/>\n\t<meta name=\"twitter:data2\" content=\"4 minutes\" \/>\n<script type=\"application\/ld+json\" class=\"yoast-schema-graph\">{\"@context\":\"https:\/\/schema.org\",\"@graph\":[{\"@type\":\"WebPage\",\"@id\":\"https:\/\/baluefruits.com\/assaboreix-lautentic-gust-de-la-terra-amb-la-fruita-de-lleida\/\",\"url\":\"https:\/\/baluefruits.com\/assaboreix-lautentic-gust-de-la-terra-amb-la-fruita-de-lleida\/\",\"name\":\"Assaboreix l\u2019aut\u00e8ntic gust de la terra amb la fruita de Lleida - Balue Fruits\",\"isPartOf\":{\"@id\":\"https:\/\/baluefruits.com\/#website\"},\"primaryImageOfPage\":{\"@id\":\"https:\/\/baluefruits.com\/assaboreix-lautentic-gust-de-la-terra-amb-la-fruita-de-lleida\/#primaryimage\"},\"image\":{\"@id\":\"https:\/\/baluefruits.com\/assaboreix-lautentic-gust-de-la-terra-amb-la-fruita-de-lleida\/#primaryimage\"},\"thumbnailUrl\":\"https:\/\/baluefruits.com\/wp-content\/uploads\/2025\/09\/fruita-de-Lleida-2.jpg\",\"datePublished\":\"2025-08-04T07:48:03+00:00\",\"dateModified\":\"2025-09-16T08:03:01+00:00\",\"author\":{\"@id\":\"https:\/\/baluefruits.com\/#\/schema\/person\/eed3cb366c55cee998358d491cec205e\"},\"description\":\"Descobreix el sabor \u00fanic de la fruita dol\u00e7a amb Balu\u00e9 Fruits. Som especialistas en la venda a l'engr\u00f2s de fruita i oli d'oliva.\",\"breadcrumb\":{\"@id\":\"https:\/\/baluefruits.com\/assaboreix-lautentic-gust-de-la-terra-amb-la-fruita-de-lleida\/#breadcrumb\"},\"inLanguage\":\"en-GB\",\"potentialAction\":[{\"@type\":\"ReadAction\",\"target\":[\"https:\/\/baluefruits.com\/assaboreix-lautentic-gust-de-la-terra-amb-la-fruita-de-lleida\/\"]}]},{\"@type\":\"ImageObject\",\"inLanguage\":\"en-GB\",\"@id\":\"https:\/\/baluefruits.com\/assaboreix-lautentic-gust-de-la-terra-amb-la-fruita-de-lleida\/#primaryimage\",\"url\":\"https:\/\/baluefruits.com\/wp-content\/uploads\/2025\/09\/fruita-de-Lleida-2.jpg\",\"contentUrl\":\"https:\/\/baluefruits.com\/wp-content\/uploads\/2025\/09\/fruita-de-Lleida-2.jpg\",\"width\":1200,\"height\":750,\"caption\":\"camp lleida\"},{\"@type\":\"BreadcrumbList\",\"@id\":\"https:\/\/baluefruits.com\/assaboreix-lautentic-gust-de-la-terra-amb-la-fruita-de-lleida\/#breadcrumb\",\"itemListElement\":[{\"@type\":\"ListItem\",\"position\":1,\"name\":\"Portada\",\"item\":\"https:\/\/baluefruits.com\/\"},{\"@type\":\"ListItem\",\"position\":2,\"name\":\"Assaboreix l\u2019aut\u00e8ntic gust de la terra amb la fruita de Lleida\"}]},{\"@type\":\"WebSite\",\"@id\":\"https:\/\/baluefruits.com\/#website\",\"url\":\"https:\/\/baluefruits.com\/\",\"name\":\"Balue Fruits\",\"description\":\"Productes agr\u00edcoles de qualitat a Lleida\",\"potentialAction\":[{\"@type\":\"SearchAction\",\"target\":{\"@type\":\"EntryPoint\",\"urlTemplate\":\"https:\/\/baluefruits.com\/?s={search_term_string}\"},\"query-input\":{\"@type\":\"PropertyValueSpecification\",\"valueRequired\":true,\"valueName\":\"search_term_string\"}}],\"inLanguage\":\"en-GB\"},{\"@type\":\"Person\",\"@id\":\"https:\/\/baluefruits.com\/#\/schema\/person\/eed3cb366c55cee998358d491cec205e\",\"name\":\"panterwebs@gmail.com\",\"sameAs\":[\"https:\/\/baluefruits.com\"],\"url\":\"https:\/\/baluefruits.com\/en\/author\/panterwebsgmail-com\/\"}]}<\/script>\n<!-- \/ Yoast SEO plugin. -->","yoast_head_json":{"title":"Assaboreix l\u2019aut\u00e8ntic gust de la terra amb la fruita de Lleida - Balue Fruits","description":"Descobreix el sabor \u00fanic de la fruita dol\u00e7a amb Balu\u00e9 Fruits. Som especialistas en la venda a l'engr\u00f2s de fruita i oli d'oliva.","robots":{"index":"index","follow":"follow","max-snippet":"max-snippet:-1","max-image-preview":"max-image-preview:large","max-video-preview":"max-video-preview:-1"},"canonical":"https:\/\/baluefruits.com\/en\/assaboreix-lautentic-gust-de-la-terra-amb-la-fruita-de-lleida\/","og_locale":"en_GB","og_type":"article","og_title":"Assaboreix l\u2019aut\u00e8ntic gust de la terra amb la fruita de Lleida - Balue Fruits","og_description":"Descobreix el sabor \u00fanic de la fruita dol\u00e7a amb Balu\u00e9 Fruits. Som especialistas en la venda a l'engr\u00f2s de fruita i oli d'oliva.","og_url":"https:\/\/baluefruits.com\/en\/assaboreix-lautentic-gust-de-la-terra-amb-la-fruita-de-lleida\/","og_site_name":"Balue Fruits","article_published_time":"2025-08-04T07:48:03+00:00","article_modified_time":"2025-09-16T08:03:01+00:00","og_image":[{"width":1200,"height":750,"url":"https:\/\/baluefruits.com\/wp-content\/uploads\/2025\/09\/fruita-de-Lleida-2.jpg","type":"image\/jpeg"}],"author":"panterwebs@gmail.com","twitter_card":"summary_large_image","twitter_misc":{"Written by":"panterwebs@gmail.com","Estimated reading time":"4 minutes"},"schema":{"@context":"https:\/\/schema.org","@graph":[{"@type":"WebPage","@id":"https:\/\/baluefruits.com\/assaboreix-lautentic-gust-de-la-terra-amb-la-fruita-de-lleida\/","url":"https:\/\/baluefruits.com\/assaboreix-lautentic-gust-de-la-terra-amb-la-fruita-de-lleida\/","name":"Assaboreix l\u2019aut\u00e8ntic gust de la terra amb la fruita de Lleida - Balue Fruits","isPartOf":{"@id":"https:\/\/baluefruits.com\/#website"},"primaryImageOfPage":{"@id":"https:\/\/baluefruits.com\/assaboreix-lautentic-gust-de-la-terra-amb-la-fruita-de-lleida\/#primaryimage"},"image":{"@id":"https:\/\/baluefruits.com\/assaboreix-lautentic-gust-de-la-terra-amb-la-fruita-de-lleida\/#primaryimage"},"thumbnailUrl":"https:\/\/baluefruits.com\/wp-content\/uploads\/2025\/09\/fruita-de-Lleida-2.jpg","datePublished":"2025-08-04T07:48:03+00:00","dateModified":"2025-09-16T08:03:01+00:00","author":{"@id":"https:\/\/baluefruits.com\/#\/schema\/person\/eed3cb366c55cee998358d491cec205e"},"description":"Descobreix el sabor \u00fanic de la fruita dol\u00e7a amb Balu\u00e9 Fruits. Som especialistas en la venda a l'engr\u00f2s de fruita i oli d'oliva.","breadcrumb":{"@id":"https:\/\/baluefruits.com\/assaboreix-lautentic-gust-de-la-terra-amb-la-fruita-de-lleida\/#breadcrumb"},"inLanguage":"en-GB","potentialAction":[{"@type":"ReadAction","target":["https:\/\/baluefruits.com\/assaboreix-lautentic-gust-de-la-terra-amb-la-fruita-de-lleida\/"]}]},{"@type":"ImageObject","inLanguage":"en-GB","@id":"https:\/\/baluefruits.com\/assaboreix-lautentic-gust-de-la-terra-amb-la-fruita-de-lleida\/#primaryimage","url":"https:\/\/baluefruits.com\/wp-content\/uploads\/2025\/09\/fruita-de-Lleida-2.jpg","contentUrl":"https:\/\/baluefruits.com\/wp-content\/uploads\/2025\/09\/fruita-de-Lleida-2.jpg","width":1200,"height":750,"caption":"camp lleida"},{"@type":"BreadcrumbList","@id":"https:\/\/baluefruits.com\/assaboreix-lautentic-gust-de-la-terra-amb-la-fruita-de-lleida\/#breadcrumb","itemListElement":[{"@type":"ListItem","position":1,"name":"Portada","item":"https:\/\/baluefruits.com\/"},{"@type":"ListItem","position":2,"name":"Assaboreix l\u2019aut\u00e8ntic gust de la terra amb la fruita de Lleida"}]},{"@type":"WebSite","@id":"https:\/\/baluefruits.com\/#website","url":"https:\/\/baluefruits.com\/","name":"Balue Fruits","description":"Quality agricultural products in Lleida","potentialAction":[{"@type":"SearchAction","target":{"@type":"EntryPoint","urlTemplate":"https:\/\/baluefruits.com\/?s={search_term_string}"},"query-input":{"@type":"PropertyValueSpecification","valueRequired":true,"valueName":"search_term_string"}}],"inLanguage":"en-GB"},{"@type":"Person","@id":"https:\/\/baluefruits.com\/#\/schema\/person\/eed3cb366c55cee998358d491cec205e","name":"panterwebs@gmail.com","sameAs":["https:\/\/baluefruits.com"],"url":"https:\/\/baluefruits.com\/en\/author\/panterwebsgmail-com\/"}]}},"_links":{"self":[{"href":"https:\/\/baluefruits.com\/en\/wp-json\/wp\/v2\/posts\/907","targetHints":{"allow":["GET"]}}],"collection":[{"href":"https:\/\/baluefruits.com\/en\/wp-json\/wp\/v2\/posts"}],"about":[{"href":"https:\/\/baluefruits.com\/en\/wp-json\/wp\/v2\/types\/post"}],"author":[{"embeddable":true,"href":"https:\/\/baluefruits.com\/en\/wp-json\/wp\/v2\/users\/1"}],"replies":[{"embeddable":true,"href":"https:\/\/baluefruits.com\/en\/wp-json\/wp\/v2\/comments?post=907"}],"version-history":[{"count":1,"href":"https:\/\/baluefruits.com\/en\/wp-json\/wp\/v2\/posts\/907\/revisions"}],"predecessor-version":[{"id":912,"href":"https:\/\/baluefruits.com\/en\/wp-json\/wp\/v2\/posts\/907\/revisions\/912"}],"wp:featuredmedia":[{"embeddable":true,"href":"https:\/\/baluefruits.com\/en\/wp-json\/wp\/v2\/media\/909"}],"wp:attachment":[{"href":"https:\/\/baluefruits.com\/en\/wp-json\/wp\/v2\/media?parent=907"}],"wp:term":[{"taxonomy":"category","embeddable":true,"href":"https:\/\/baluefruits.com\/en\/wp-json\/wp\/v2\/categories?post=907"},{"taxonomy":"post_tag","embeddable":true,"href":"https:\/\/baluefruits.com\/en\/wp-json\/wp\/v2\/tags?post=907"}],"curies":[{"name":"wp","href":"https:\/\/api.w.org\/{rel}","templated":true}]}}